{"id":1952,"date":"2019-06-06T10:33:27","date_gmt":"2019-06-06T13:33:27","guid":{"rendered":"http:\/\/www.asphan.org.br\/index.php\/?p=1952"},"modified":"2019-06-06T10:33:27","modified_gmt":"2019-06-06T13:33:27","slug":"convenio-asphan-e-unimed","status":"publish","type":"post","link":"http:\/\/www.asphan.org.br\/index.php\/convenio-asphan-e-unimed","title":{"rendered":"Conv\u00eanio ASPHAN e Unimed"},"content":{"rendered":"<p><span style=\"font-weight: 400;\">Caros Colegas,<\/span><\/p>\n<p><span style=\"font-weight: 400;\">A <strong>ASPHAN<\/strong> vem acompanhando com preocupa\u00e7\u00e3o e solidariedade o drama de muitos colegas que n\u00e3o mais possuem condi\u00e7\u00f5es financeiras de arcar com os custos dos planos de sa\u00fade em decorr\u00eancia de nossa not\u00f3ria perda salarial, que se agrava a cada ano. <\/span><\/p>\n<p><span style=\"font-weight: 400;\">O que pudemos fazer, atendendo aos apelos de v\u00e1rios colegas, foi buscar uma alternativa para os associados atrav\u00e9s de parceria com operadora de sa\u00fade, de modo a que esta oferecesse aos associados plano de sa\u00fade com valores significativamente mais baixos que os planos individuais. Al\u00e9m disso, por meio do conv\u00eanio firmado pela <strong>ASPHAN<\/strong>, os associados ficar\u00e3o isentos de prazo de car\u00eancia e poder\u00e3o inserir netos como dependentes.<\/span><\/p>\n<p><span style=\"font-weight: 400;\">Dois pontos devem ser frisados: a Associa\u00e7\u00e3o n\u00e3o auferir\u00e1 nenhum tipo de ganho financeiro neste conv\u00eanio, que publicaremos a seguir, bem como n\u00e3o atuar\u00e1 como intermedi\u00e1rio no pagamento de mensalidades, a rela\u00e7\u00e3o se d\u00e1 diretamente entre a operadora e o associado. Somente propiciamos a montagem de um grupo de associados, o que pode ser constatado no contrato assinado pela <strong>ASPHAN<\/strong> (<a href=\"http:\/\/www.asphan.org.br\/wp-content\/uploads\/2019\/06\/ContratoUnimed.pdf\"><strong>acesse aqui<\/strong><\/a>).<\/span><\/p>\n<p><span style=\"font-weight: 400;\">Neste momento, em que colegas j\u00e1 receberam seus devidos valores da a\u00e7\u00e3o do Diss\u00eddio, e que significativo grupo de servidores est\u00e1 prestes a receber, esperamos que com a vida financeira um pouco mais estruturada, os colegas que est\u00e3o impossibilitados de ter um plano de sa\u00fade possam a vir a utilizar, caso queiram, deste conv\u00eanio.<\/span><\/p>\n<p><span style=\"font-weight: 400;\">Disponibilizamos a utiliza\u00e7\u00e3o de nossa sede para que funcion\u00e1ria da operadora IBBCA possa prestar esclarecimentos aos interessados presencialmente se necess\u00e1rio.<\/span><\/p>\n<p><span style=\"font-weight: 400;\">Este conv\u00eanio vale para todos os estados da Uni\u00e3o.<\/span><\/p>\n<p><span style=\"font-weight: 400;\">Agrade\u00e7o em especial aos colegas Lucineide Le\u00f4ncio, Elieser Nascimento, al\u00e9m claro, dos funcion\u00e1rios Dayse e Caet\u00e9s, que atuaram na negocia\u00e7\u00e3o do conv\u00eanio.<\/span><\/p>\n<p>Atenciosamente,<br \/>\nLeonardo Barreto<br \/>\nPresid\u00eancia <strong>ASPHAN<\/strong><\/p>\n","protected":false},"excerpt":{"rendered":"<p>Caros Colegas, A ASPHAN vem acompanhando com preocupa\u00e7\u00e3o e solidariedade o drama de muitos colegas que n\u00e3o mais possuem condi\u00e7\u00f5es financeiras de arcar com os custos dos planos de sa\u00fade em decorr\u00eancia de nossa not\u00f3ria perda salarial, que se agrava a cada ano. O que pudemos fazer, atendendo aos apelos de v\u00e1rios colegas, foi buscar [&hellip;]<\/p>\n","protected":false},"author":3,"featured_media":0,"comment_status":"closed","ping_status":"closed","sticky":false,"template":"","format":"standard","meta":{"_bbp_topic_count":0,"_bbp_reply_count":0,"_bbp_total_topic_count":0,"_bbp_total_reply_count":0,"_bbp_voice_count":0,"_bbp_anonymous_reply_count":0,"_bbp_topic_count_hidden":0,"_bbp_reply_count_hidden":0,"_bbp_forum_subforum_count":0,"ngg_post_thumbnail":0,"_links_to":"","_links_to_target":""},"categories":[16,7,18],"tags":[],"_links":{"self":[{"href":"http:\/\/www.asphan.org.br\/index.php\/wp-json\/wp\/v2\/posts\/1952"}],"collection":[{"href":"http:\/\/www.asphan.org.br\/index.php\/wp-json\/wp\/v2\/posts"}],"about":[{"href":"http:\/\/www.asphan.org.br\/index.php\/wp-json\/wp\/v2\/types\/post"}],"author":[{"embeddable":true,"href":"http:\/\/www.asphan.org.br\/index.php\/wp-json\/wp\/v2\/users\/3"}],"replies":[{"embeddable":true,"href":"http:\/\/www.asphan.org.br\/index.php\/wp-json\/wp\/v2\/comments?post=1952"}],"version-history":[{"count":2,"href":"http:\/\/www.asphan.org.br\/index.php\/wp-json\/wp\/v2\/posts\/1952\/revisions"}],"predecessor-version":[{"id":1954,"href":"http:\/\/www.asphan.org.br\/index.php\/wp-json\/wp\/v2\/posts\/1952\/revisions\/1954"}],"wp:attachment":[{"href":"http:\/\/www.asphan.org.br\/index.php\/wp-json\/wp\/v2\/media?parent=1952"}],"wp:term":[{"taxonomy":"category","embeddable":true,"href":"http:\/\/www.asphan.org.br\/index.php\/wp-json\/wp\/v2\/categories?post=1952"},{"taxonomy":"post_tag","embeddable":true,"href":"http:\/\/www.asphan.org.br\/index.php\/wp-json\/wp\/v2\/tags?post=1952"}],"curies":[{"name":"wp","href":"https:\/\/api.w.org\/{rel}","templated":true}]}}