{"id":2007,"date":"2019-08-19T11:19:51","date_gmt":"2019-08-19T14:19:51","guid":{"rendered":"http:\/\/www.asphan.org.br\/index.php\/?p=2007"},"modified":"2019-08-19T11:26:28","modified_gmt":"2019-08-19T14:26:28","slug":"convenio-odontologico","status":"publish","type":"post","link":"http:\/\/www.asphan.org.br\/index.php\/convenio-odontologico","title":{"rendered":"Conv\u00eanio odontol\u00f3gico &#8211; Unimed Odonto"},"content":{"rendered":"<p>Prezados,<\/p>\n<p>A parceria firmada pela <strong>ASPHAN<\/strong> com a IBBCA Administradora de Benef\u00edcios tamb\u00e9m abrange a cobertura pela Unimed Odonto.<\/p>\n<p>Os valores s\u00e3o os seguintes:<\/p>\n<p><img loading=\"lazy\" class=\"aligncenter size-large wp-image-2008\" src=\"http:\/\/www.asphan.org.br\/wp-content\/uploads\/2019\/08\/tabela-odontoo-640x196.png\" alt=\"\" width=\"640\" height=\"196\" srcset=\"http:\/\/www.asphan.org.br\/wp-content\/uploads\/2019\/08\/tabela-odontoo-640x196.png 640w, http:\/\/www.asphan.org.br\/wp-content\/uploads\/2019\/08\/tabela-odontoo-150x46.png 150w, http:\/\/www.asphan.org.br\/wp-content\/uploads\/2019\/08\/tabela-odontoo-768x235.png 768w, http:\/\/www.asphan.org.br\/wp-content\/uploads\/2019\/08\/tabela-odontoo-600x184.png 600w, http:\/\/www.asphan.org.br\/wp-content\/uploads\/2019\/08\/tabela-odontoo.png 1351w\" sizes=\"(max-width: 640px) 100vw, 640px\" \/><\/p>\n<p><strong><a href=\"http:\/\/www.asphan.org.br\/wp-content\/uploads\/2019\/08\/INFORMATIVO-COBERTURA-ODONTOL%C3%93GICO.pdf\">Neste link<\/a><\/strong>, voc\u00ea pode acessar o informativo de cobertura odontol\u00f3gica. O documento descreve os servi\u00e7os oferecidos pelos planos Essencial, Essencial Amplo e Essencial Pleno.<\/p>\n<p>Atenciosamente,<br \/>\nDiretoria <strong>ASPHAN<\/strong><\/p>\n","protected":false},"excerpt":{"rendered":"<p>Prezados, A parceria firmada pela ASPHAN com a IBBCA Administradora de Benef\u00edcios tamb\u00e9m abrange a cobertura pela Unimed Odonto. Os valores s\u00e3o os seguintes: Neste link, voc\u00ea pode acessar o informativo de cobertura odontol\u00f3gica. O documento descreve os servi\u00e7os oferecidos pelos planos Essencial, Essencial Amplo e Essencial Pleno. Atenciosamente, Diretoria ASPHAN<\/p>\n","protected":false},"author":3,"featured_media":0,"comment_status":"closed","ping_status":"closed","sticky":false,"template":"","format":"standard","meta":{"_bbp_topic_count":0,"_bbp_reply_count":0,"_bbp_total_topic_count":0,"_bbp_total_reply_count":0,"_bbp_voice_count":0,"_bbp_anonymous_reply_count":0,"_bbp_topic_count_hidden":0,"_bbp_reply_count_hidden":0,"_bbp_forum_subforum_count":0,"ngg_post_thumbnail":0,"_links_to":"","_links_to_target":""},"categories":[16,7,18],"tags":[],"_links":{"self":[{"href":"http:\/\/www.asphan.org.br\/index.php\/wp-json\/wp\/v2\/posts\/2007"}],"collection":[{"href":"http:\/\/www.asphan.org.br\/index.php\/wp-json\/wp\/v2\/posts"}],"about":[{"href":"http:\/\/www.asphan.org.br\/index.php\/wp-json\/wp\/v2\/types\/post"}],"author":[{"embeddable":true,"href":"http:\/\/www.asphan.org.br\/index.php\/wp-json\/wp\/v2\/users\/3"}],"replies":[{"embeddable":true,"href":"http:\/\/www.asphan.org.br\/index.php\/wp-json\/wp\/v2\/comments?post=2007"}],"version-history":[{"count":3,"href":"http:\/\/www.asphan.org.br\/index.php\/wp-json\/wp\/v2\/posts\/2007\/revisions"}],"predecessor-version":[{"id":2011,"href":"http:\/\/www.asphan.org.br\/index.php\/wp-json\/wp\/v2\/posts\/2007\/revisions\/2011"}],"wp:attachment":[{"href":"http:\/\/www.asphan.org.br\/index.php\/wp-json\/wp\/v2\/media?parent=2007"}],"wp:term":[{"taxonomy":"category","embeddable":true,"href":"http:\/\/www.asphan.org.br\/index.php\/wp-json\/wp\/v2\/categories?post=2007"},{"taxonomy":"post_tag","embeddable":true,"href":"http:\/\/www.asphan.org.br\/index.php\/wp-json\/wp\/v2\/tags?post=2007"}],"curies":[{"name":"wp","href":"https:\/\/api.w.org\/{rel}","templated":true}]}}