{"id":2013,"date":"2019-08-26T11:30:42","date_gmt":"2019-08-26T14:30:42","guid":{"rendered":"http:\/\/www.asphan.org.br\/index.php\/?p=2013"},"modified":"2019-08-26T11:30:42","modified_gmt":"2019-08-26T14:30:42","slug":"enquadramento-de-novos-servidores-na-lei-12-27710","status":"publish","type":"post","link":"http:\/\/www.asphan.org.br\/index.php\/enquadramento-de-novos-servidores-na-lei-12-27710","title":{"rendered":"Enquadramento de novos servidores na Lei 12.277\/10"},"content":{"rendered":"<p>Prezados colegas,<\/p>\n<p>O escrit\u00f3rio Bento Muniz Advocacia, que nos representa em a\u00e7\u00f5es relativas \u00e0 Lei 12.277\/10, enviou \u00e0 <strong>ASPHAN<\/strong> o seguinte informativo, sobre o enquadramento dos servidores mais recentes do Iphan:<\/p>\n<blockquote><p><em>&#8220;\u00c9 sabido que o IPHAN recebeu, recentemente, novos servidores ocupantes dos cargos de engenheiro, arquiteto, arque\u00f3logo, por meio de concurso p\u00fablico de provas e t\u00edtulos.<\/em><\/p>\n<p><em>Tamb\u00e9m \u00e9 de conhecimento que servidores mais antigos do IPHAN questionam na Justi\u00e7a o direito ao enquadramento na Lei n. 12.277, de 2010, disputa que teve origem desde a edi\u00e7\u00e3o desta lei em julho daquele ano.<\/em><\/p>\n<p><em>Neste per\u00edodo, por quest\u00e3o de justi\u00e7a, e com base em fundamentos constitucionais e legais, foram obtidas v\u00e1rias decis\u00f5es favor\u00e1veis em primeira e segunda inst\u00e2ncias, e, mais recentemente, no \u00e2mbito dos Tribunais Superiores.<\/em><\/p>\n<p><em>O fato de ter sido rec\u00e9m empossado, e estar em est\u00e1gio probat\u00f3rio, n\u00e3o atinge em nada aspectos funcionais do cargo, assumido por direito via concurso p\u00fablico. Inclusive, j\u00e1 existe decis\u00e3o objeto de tr\u00e2nsito em julgado favor\u00e1vel de servidora que ingressou nos juizados especiais logo ap\u00f3s o ingresso no cargo, em 2015.<\/em><\/p>\n<p><em>Por tais motivos, sobretudo porque o Presidente da <strong>ASPHAN<\/strong> vem sendo questionado a respeito, o Jur\u00eddico da entidade mant\u00e9m o firme posicionamento de que os servidores devem buscar seus direitos, independente do tempo de exerc\u00edcio.<\/em><\/p>\n<p><em>O Jur\u00eddico informa que est\u00e1 \u00e0 disposi\u00e7\u00e3o para esclarecer quaisquer d\u00favidas a respeito do assunto. <\/em><br \/>\n<em>(61) 3039-8005. Falar com Dra. Rebecca Paranagu\u00e1<\/em><br \/>\n<em>e-mail: rebecca.paranagua@bentomuniz.com.br&#8221;<\/em><\/p><\/blockquote>\n<p>Atenciosamente,<br \/>\nDiretoria&nbsp;<strong>ASPHAN<\/strong><\/p>\n","protected":false},"excerpt":{"rendered":"<p>Prezados colegas, O escrit\u00f3rio Bento Muniz Advocacia, que nos representa em a\u00e7\u00f5es relativas \u00e0 Lei 12.277\/10, enviou \u00e0 ASPHAN o seguinte informativo, sobre o enquadramento dos servidores mais recentes do Iphan: &#8220;\u00c9 sabido que o IPHAN recebeu, recentemente, novos servidores ocupantes dos cargos de engenheiro, arquiteto, arque\u00f3logo, por meio de concurso p\u00fablico de provas e [&hellip;]<\/p>\n","protected":false},"author":3,"featured_media":0,"comment_status":"closed","ping_status":"closed","sticky":false,"template":"","format":"standard","meta":{"_bbp_topic_count":0,"_bbp_reply_count":0,"_bbp_total_topic_count":0,"_bbp_total_reply_count":0,"_bbp_voice_count":0,"_bbp_anonymous_reply_count":0,"_bbp_topic_count_hidden":0,"_bbp_reply_count_hidden":0,"_bbp_forum_subforum_count":0,"ngg_post_thumbnail":0,"_links_to":"","_links_to_target":""},"categories":[17,7,18],"tags":[41],"_links":{"self":[{"href":"http:\/\/www.asphan.org.br\/index.php\/wp-json\/wp\/v2\/posts\/2013"}],"collection":[{"href":"http:\/\/www.asphan.org.br\/index.php\/wp-json\/wp\/v2\/posts"}],"about":[{"href":"http:\/\/www.asphan.org.br\/index.php\/wp-json\/wp\/v2\/types\/post"}],"author":[{"embeddable":true,"href":"http:\/\/www.asphan.org.br\/index.php\/wp-json\/wp\/v2\/users\/3"}],"replies":[{"embeddable":true,"href":"http:\/\/www.asphan.org.br\/index.php\/wp-json\/wp\/v2\/comments?post=2013"}],"version-history":[{"count":2,"href":"http:\/\/www.asphan.org.br\/index.php\/wp-json\/wp\/v2\/posts\/2013\/revisions"}],"predecessor-version":[{"id":2015,"href":"http:\/\/www.asphan.org.br\/index.php\/wp-json\/wp\/v2\/posts\/2013\/revisions\/2015"}],"wp:attachment":[{"href":"http:\/\/www.asphan.org.br\/index.php\/wp-json\/wp\/v2\/media?parent=2013"}],"wp:term":[{"taxonomy":"category","embeddable":true,"href":"http:\/\/www.asphan.org.br\/index.php\/wp-json\/wp\/v2\/categories?post=2013"},{"taxonomy":"post_tag","embeddable":true,"href":"http:\/\/www.asphan.org.br\/index.php\/wp-json\/wp\/v2\/tags?post=2013"}],"curies":[{"name":"wp","href":"https:\/\/api.w.org\/{rel}","templated":true}]}}