{"id":2019,"date":"2019-10-21T17:11:39","date_gmt":"2019-10-21T20:11:39","guid":{"rendered":"http:\/\/www.asphan.org.br\/index.php\/?p=2019"},"modified":"2019-10-21T17:11:39","modified_gmt":"2019-10-21T20:11:39","slug":"nota-de-falecimento-4","status":"publish","type":"post","link":"http:\/\/www.asphan.org.br\/index.php\/nota-de-falecimento-4","title":{"rendered":"Nota de falecimento"},"content":{"rendered":"<p><span style=\"font-weight: 400;\">Caros,<\/span><\/p>\n<p><span style=\"font-weight: 400;\">Infelizmente muitos colegas que ajudaram a fundar a <\/span><b>ASPHAN<\/b><span style=\"font-weight: 400;\"> t\u00eam nos deixado nos \u00faltimos anos. Por n\u00e3o sermos avisados em tempo h\u00e1bil, temos evitado noticiar, na maioria dos casos, esses falecimentos. No site do Iphan, de maior alcance, tais perdas t\u00eam sido devidamente registradas.&nbsp;<\/span><\/p>\n<p><span style=\"font-weight: 400;\">Contudo, em casos como do falecimento (19\/10\/2019) do querido colega Eduardo Simas, n\u00e3o seria poss\u00edvel deixar de manifestar em nosso site esta enorme perda. N\u00e3o porque Eduardo tenha sido Superintendente da Bahia e respeitado arquiteto do Iphan. Sobretudo, pelo verdadeiro esp\u00edrito de coleguismo que ele encarnou e por sua incondicional devo\u00e7\u00e3o ao Iphan e \u00e0 sua amada Bahia.&nbsp;<\/span><\/p>\n<p><span style=\"font-weight: 400;\">Dif\u00edcil distinguir a Superintend\u00eancia da Bahia da figura de Eduardo, eu nunca consegui. Sem d\u00favida, os in\u00fameros e queridos amigos da Bahia, no \u00faltimo s\u00e1bado, ficaram \u00f3rf\u00e3os do \u201cpaiz\u00e3o\u201d, com seu cora\u00e7\u00e3o do tamanho do rec\u00f4ncavo, e seu sempre sincero gesto amigo, pronto a estender a m\u00e3o a todos, do mais graduado ao mais humilde.&nbsp;<\/span><\/p>\n<p><span style=\"font-weight: 400;\">Em nome da diretoria, expresso nossas palavras de conforto aos colegas da Bahia e aos familiares de Simas, que tiveram o privil\u00e9gio de com ele conviver. Dirigindo-me especificamente aos colegas da Bahia, que entender\u00e3o plenamente seu significado, \u201cas reuni\u00f5es do senadinho ficar\u00e3o mais animadas agora no c\u00e9u, podendo Eduardo atualizar a prosa com Edson, que foi motorista da casa e seu grande amigo\u201d.<\/span><\/p>\n<p><span style=\"font-weight: 400;\">Obrigado, caro amigo Eduardo, pela conviv\u00eancia sempre afetuosa. O \u201cnosso\u201d Iphan, a Bahia e o patrim\u00f4nio cultural brasileiro, muito lhe devem. Sei que continuar\u00e1 nos ajudando da\u00ed de cima!!<\/span><\/p>\n<p><span style=\"font-weight: 400;\">Abra\u00e7o a todos,<br \/>\n<\/span><span style=\"font-weight: 400;\">Leonardo Barreto<\/span><span style=\"font-weight: 400;\"><br \/>\n<\/span><span style=\"font-weight: 400;\">Presidente <\/span><b>ASPHAN<\/b><\/p>\n","protected":false},"excerpt":{"rendered":"<p>Caros, Infelizmente muitos colegas que ajudaram a fundar a ASPHAN t\u00eam nos deixado nos \u00faltimos anos. Por n\u00e3o sermos avisados em tempo h\u00e1bil, temos evitado noticiar, na maioria dos casos, esses falecimentos. No site do Iphan, de maior alcance, tais perdas t\u00eam sido devidamente registradas.&nbsp; Contudo, em casos como do falecimento (19\/10\/2019) do querido colega [&hellip;]<\/p>\n","protected":false},"author":3,"featured_media":0,"comment_status":"closed","ping_status":"closed","sticky":false,"template":"","format":"standard","meta":{"_bbp_topic_count":0,"_bbp_reply_count":0,"_bbp_total_topic_count":0,"_bbp_total_reply_count":0,"_bbp_voice_count":0,"_bbp_anonymous_reply_count":0,"_bbp_topic_count_hidden":0,"_bbp_reply_count_hidden":0,"_bbp_forum_subforum_count":0,"ngg_post_thumbnail":0,"_links_to":"","_links_to_target":""},"categories":[7,18],"tags":[],"_links":{"self":[{"href":"http:\/\/www.asphan.org.br\/index.php\/wp-json\/wp\/v2\/posts\/2019"}],"collection":[{"href":"http:\/\/www.asphan.org.br\/index.php\/wp-json\/wp\/v2\/posts"}],"about":[{"href":"http:\/\/www.asphan.org.br\/index.php\/wp-json\/wp\/v2\/types\/post"}],"author":[{"embeddable":true,"href":"http:\/\/www.asphan.org.br\/index.php\/wp-json\/wp\/v2\/users\/3"}],"replies":[{"embeddable":true,"href":"http:\/\/www.asphan.org.br\/index.php\/wp-json\/wp\/v2\/comments?post=2019"}],"version-history":[{"count":2,"href":"http:\/\/www.asphan.org.br\/index.php\/wp-json\/wp\/v2\/posts\/2019\/revisions"}],"predecessor-version":[{"id":2021,"href":"http:\/\/www.asphan.org.br\/index.php\/wp-json\/wp\/v2\/posts\/2019\/revisions\/2021"}],"wp:attachment":[{"href":"http:\/\/www.asphan.org.br\/index.php\/wp-json\/wp\/v2\/media?parent=2019"}],"wp:term":[{"taxonomy":"category","embeddable":true,"href":"http:\/\/www.asphan.org.br\/index.php\/wp-json\/wp\/v2\/categories?post=2019"},{"taxonomy":"post_tag","embeddable":true,"href":"http:\/\/www.asphan.org.br\/index.php\/wp-json\/wp\/v2\/tags?post=2019"}],"curies":[{"name":"wp","href":"https:\/\/api.w.org\/{rel}","templated":true}]}}