{"id":2023,"date":"2019-11-07T12:30:35","date_gmt":"2019-11-07T15:30:35","guid":{"rendered":"http:\/\/www.asphan.org.br\/index.php\/?p=2023"},"modified":"2019-11-11T15:58:12","modified_gmt":"2019-11-11T18:58:12","slug":"lista-dos-servidores-envolvidos-no-dissidio-coletivo-de-89","status":"publish","type":"post","link":"http:\/\/www.asphan.org.br\/index.php\/lista-dos-servidores-envolvidos-no-dissidio-coletivo-de-89","title":{"rendered":"Lista dos servidores envolvidos no Diss\u00eddio Coletivo de 89"},"content":{"rendered":"<p><span style=\"font-weight: 400;\">Caros colegas,&nbsp;<\/span><\/p>\n<p><span style=\"font-weight: 400;\">A advogada respons\u00e1vel pelo processo do Diss\u00eddio Coletivo de 89, dra. Claudia Duranti, enviou \u00e0 <\/span><b>ASPHAN<\/b><span style=\"font-weight: 400;\"> a lista completa dos servidores que s\u00e3o benefici\u00e1rios da a\u00e7\u00e3o. O documento pode ser acessado <\/span><b><a href=\"http:\/\/www.asphan.org.br\/wp-content\/uploads\/2019\/11\/LISTA-COMPLETA-RPV.pdf\">neste link<\/a>.&nbsp;<\/b><\/p>\n<p><span style=\"font-weight: 400;\">As colunas apontam colegas que est\u00e3o falecidos, aqueles fazem jus ao recebimento do precat\u00f3rio ou do RPV e se estes sacaram ou n\u00e3o o benef\u00edcio. A \u00faltima delas \u00e9 dedicada a observa\u00e7\u00f5es sobre cada caso individualmente.<\/span><\/p>\n<p><span style=\"font-weight: 400;\">A segunda impugna\u00e7\u00e3o, relativa \u00e0 oitava coluna, diz respeito \u00e0 decis\u00e3o judicial de excluir da lista todos os servidores lotados fora do munic\u00edpio do Rio de Janeiro \u00e0 \u00e9poca do Diss\u00eddio. Foi entendido que eles n\u00e3o seriam representadas pelo SENALBA. A decis\u00e3o seguir\u00e1, portanto, para a segunda inst\u00e2ncia.<\/span><\/p>\n<p><span style=\"font-weight: 400;\">Na mesma ocasi\u00e3o, a Uni\u00e3o listou as pessoas que haviam falecido at\u00e9 aquela data &#8211; do Rio de Janeiro e tamb\u00e9m de outras cidades.<\/span><\/p>\n<p><span style=\"font-weight: 400;\">J\u00e1 a terceira impugna\u00e7\u00e3o, constante na s\u00e9tima coluna, trata de uma complementa\u00e7\u00e3o \u00e0 lista, sob alega\u00e7\u00e3o de haver uma sobreposi\u00e7\u00e3o de representatividade entre o SENALBA e o SINTRASEF. Sobremaneira, existia d\u00favida de qual sindicato seria o leg\u00edtimo representante da categoria.<\/span><\/p>\n<p><span style=\"font-weight: 400;\">Nessa etapa, 82 nomes de pessoas representadas pelo SINTRASEF foram impugnadas da lista, tendo sido consideradas em ju\u00edzo como controversos.<\/span><\/p>\n<p><span style=\"font-weight: 400;\">Assim, a execu\u00e7\u00e3o dos pagamentos foi desmembrada, de maneira a pagar aqueles servidores considerados, ent\u00e3o, como incontroversos.<\/span><\/p>\n<p><span style=\"font-weight: 400;\">Deste momento em diante, deve-se prosseguir com a execu\u00e7\u00e3o dos pagamentos daquelas pessoas que foram consideradas como controversos ap\u00f3s as impugna\u00e7\u00f5es da Uni\u00e3o. No entanto, ainda n\u00e3o h\u00e1 decis\u00e3o judicial sobre a mat\u00e9ria.<\/span><\/p>\n<p><span style=\"font-weight: 400;\">Por motivos de seguran\u00e7a, n\u00e3o publicaremos a peti\u00e7\u00e3o original, enviada pela advogada, uma vez que constam ali dados sens\u00edveis de alguns colegas, como o CPF. Em caso de d\u00favidas, solicitamos aos interessados que entrem em contato com o escrit\u00f3rio da dra. Claudia Duranti ou com a <\/span><b>ASPHAN<\/b><span style=\"font-weight: 400;\">. <\/span><span style=\"font-weight: 400;\"><br \/>\n<\/span><span style=\"font-weight: 400;\"><br \/>\n<\/span><span style=\"font-weight: 400;\">Pedimos tamb\u00e9m mais um pouco de paci\u00eancia, neste momento, pois o grande n\u00famero de envolvidos na a\u00e7\u00e3o pode fazer com que a elucida\u00e7\u00e3o das quest\u00f5es de cada colega seja mais lenta do que todos n\u00f3s gostar\u00edamos.<\/span><\/p>\n<p><span style=\"font-weight: 400;\">Atenciosamente,<\/span><span style=\"font-weight: 400;\"><br \/>\n<\/span><span style=\"font-weight: 400;\">Diretoria<\/span><b> ASPHAN<\/b><\/p>\n","protected":false},"excerpt":{"rendered":"<p>Caros colegas,&nbsp; A advogada respons\u00e1vel pelo processo do Diss\u00eddio Coletivo de 89, dra. Claudia Duranti, enviou \u00e0 ASPHAN a lista completa dos servidores que s\u00e3o benefici\u00e1rios da a\u00e7\u00e3o. O documento pode ser acessado neste link.&nbsp; As colunas apontam colegas que est\u00e3o falecidos, aqueles fazem jus ao recebimento do precat\u00f3rio ou do RPV e se estes [&hellip;]<\/p>\n","protected":false},"author":3,"featured_media":0,"comment_status":"closed","ping_status":"closed","sticky":false,"template":"","format":"standard","meta":{"_bbp_topic_count":0,"_bbp_reply_count":0,"_bbp_total_topic_count":0,"_bbp_total_reply_count":0,"_bbp_voice_count":0,"_bbp_anonymous_reply_count":0,"_bbp_topic_count_hidden":0,"_bbp_reply_count_hidden":0,"_bbp_forum_subforum_count":0,"ngg_post_thumbnail":0,"_links_to":"","_links_to_target":""},"categories":[17,7,18],"tags":[],"_links":{"self":[{"href":"http:\/\/www.asphan.org.br\/index.php\/wp-json\/wp\/v2\/posts\/2023"}],"collection":[{"href":"http:\/\/www.asphan.org.br\/index.php\/wp-json\/wp\/v2\/posts"}],"about":[{"href":"http:\/\/www.asphan.org.br\/index.php\/wp-json\/wp\/v2\/types\/post"}],"author":[{"embeddable":true,"href":"http:\/\/www.asphan.org.br\/index.php\/wp-json\/wp\/v2\/users\/3"}],"replies":[{"embeddable":true,"href":"http:\/\/www.asphan.org.br\/index.php\/wp-json\/wp\/v2\/comments?post=2023"}],"version-history":[{"count":3,"href":"http:\/\/www.asphan.org.br\/index.php\/wp-json\/wp\/v2\/posts\/2023\/revisions"}],"predecessor-version":[{"id":2026,"href":"http:\/\/www.asphan.org.br\/index.php\/wp-json\/wp\/v2\/posts\/2023\/revisions\/2026"}],"wp:attachment":[{"href":"http:\/\/www.asphan.org.br\/index.php\/wp-json\/wp\/v2\/media?parent=2023"}],"wp:term":[{"taxonomy":"category","embeddable":true,"href":"http:\/\/www.asphan.org.br\/index.php\/wp-json\/wp\/v2\/categories?post=2023"},{"taxonomy":"post_tag","embeddable":true,"href":"http:\/\/www.asphan.org.br\/index.php\/wp-json\/wp\/v2\/tags?post=2023"}],"curies":[{"name":"wp","href":"https:\/\/api.w.org\/{rel}","templated":true}]}}