{"id":2036,"date":"2020-03-04T20:53:34","date_gmt":"2020-03-04T23:53:34","guid":{"rendered":"http:\/\/www.asphan.org.br\/index.php\/?p=2036"},"modified":"2020-03-04T20:53:34","modified_gmt":"2020-03-04T23:53:34","slug":"instrucoes-para-aqueles-que-receberam-rpvs-do-dissidio-declararem-imposto-de-renda","status":"publish","type":"post","link":"http:\/\/www.asphan.org.br\/index.php\/instrucoes-para-aqueles-que-receberam-rpvs-do-dissidio-declararem-imposto-de-renda","title":{"rendered":"Instru\u00e7\u00f5es para aqueles que receberam RPVs do Diss\u00eddio declararem imposto de renda"},"content":{"rendered":"<p><span style=\"font-weight: 400;\">Aten\u00e7\u00e3o, colegas favorecidos na segunda leva de pagamentos (RPVs) do Diss\u00eddio Coletivo de 89!&nbsp;<\/span><\/p>\n<p><span style=\"font-weight: 400;\">Seguem abaixo informa\u00e7\u00f5es necess\u00e1rias para que elaborem corretamente seu imposto de renda. Leiam atentamente e repassem os dados para os respectivos contadores.<\/span><\/p>\n<ol>\n<li style=\"list-style-type: none\">\n<ol>\n<li style=\"font-weight: 400;\"><span style=\"font-weight: 400;\">Os valores recebidos devem ser declarados como Receita de Rendimentos Acumulados (RRA), conforme consta na instru\u00e7\u00e3o da Receita Federal do Brasil n\u00ba 1500 de 29\/10\/2014 &#8211; Anexo 4.&nbsp;<\/span><\/li>\n<li style=\"font-weight: 400;\"><b><span style=\"font-weight: 400;\">Atentem que o valor a ser declarado ser\u00e1 o <\/span>somat\u00f3rio do depositado pela Justi\u00e7a, acrescido do valor da nota fiscal do Escrit\u00f3rio de Advocacia Maia e Maia Advogados Associados, mais o valor do recibo da ASPHAN.<\/b><\/li>\n<li style=\"font-weight: 400;\"><span style=\"font-weight: 400;\">Ap\u00f3s reuni\u00e3o, realizada no dia 3 de mar\u00e7o 2020, no escrit\u00f3rio da advogada, tivemos acesso \u00e0 planilha com os valores relativos aos descontos individualizados, referentes a 2 por cento de cada substitu\u00eddo. Procedemos, imediatamente, a expedi\u00e7\u00e3o dos recibos.&nbsp; At\u00e9 esta sexta-feira (06\/03), todos os recibos ser\u00e3o enviados.&nbsp;<\/span><\/li>\n<li style=\"font-weight: 400;\"><span style=\"font-weight: 400;\">Os colegas que <\/span><b>receberam at\u00e9 o valor de R$ 22.847,76 est\u00e3o isentos de imposto de renda. Para valores maiores, dever\u00e1 ser utilizada a tabela constante no Anexo 4, j\u00e1 mencionada.<\/b><\/li>\n<li style=\"font-weight: 400;\"><span style=\"font-weight: 400;\">\u00c9 necess\u00e1rio fazer men\u00e7\u00e3o ao n\u00famero do processo: 0112200-87.1990.5.01.0020, que tramitou na 20\u00aa Vara da Justi\u00e7a Federal.<\/span><\/li>\n<li style=\"font-weight: 400;\"><span style=\"font-weight: 400;\">Deve ainda ser informado para a Receita, no campo apropriado &#8211; tabela do Anexo 4 -, que o n\u00famero de parcelas considerado foi 12 (doze), relativo a janeiro a dezembro de 1990.<\/span><\/li>\n<li style=\"font-weight: 400;\"><span style=\"font-weight: 400;\">O 13\u00ba sal\u00e1rio foi inclu\u00eddo nas parcelas de maio e novembro.<\/span><\/li>\n<li style=\"font-weight: 400;\"><span style=\"font-weight: 400;\">As f\u00e9rias foram computadas de acordo com o gozo naquele ano refer\u00eancia.<\/span><\/li>\n<li style=\"font-weight: 400;\"><span style=\"font-weight: 400;\">Algumas informa\u00e7\u00f5es acima t\u00eam car\u00e1ter t\u00e9cnico da \u00e1rea de contabilidade. Assim, se o colega n\u00e3o estiver familiarizado, recomendamos buscar auxilio junto a profissional da \u00e1rea.<\/span><\/li>\n<li style=\"font-weight: 400;\"><span style=\"font-weight: 400;\">Chamamos a aten\u00e7\u00e3o para o fato de que v\u00e1rios colegas que t\u00eam ligado para o escrit\u00f3rio de advocacia, reclamando do n\u00e3o recebimento da nota fiscal, n\u00e3o tinham atualizado seu endere\u00e7o eletr\u00f4nico e, portanto, o envio de dados n\u00e3o poderia obter sucesso. Insistimos para que todos mantenham seu endere\u00e7o eletr\u00f4nico ou, na aus\u00eancia dele, o local de resid\u00eancia atualizado para permitir um eficiente contato.<\/span><\/li>\n<li style=\"font-weight: 400;\"><span style=\"font-weight: 400;\">Temos tamb\u00e9m recebido telefonemas com pondera\u00e7\u00f5es sobre pequenas diverg\u00eancias de valores em rela\u00e7\u00e3o ao efetivo recebido, comparado ao alvar\u00e1 da Justi\u00e7a. Lembramos a todos que, durante o per\u00edodo decorrido at\u00e9 o momento em que o montante \u00e9 sacado, ocorrem reajustes para evitar perda ao benefici\u00e1rio.<\/span><\/li>\n<\/ol>\n<\/li>\n<\/ol>\n<p>&nbsp;<\/p>\n<p>&nbsp;<\/p>\n<p><span style=\"font-weight: 400;\">Atenciosamente,<\/span><span style=\"font-weight: 400;\"><br \/>\n<\/span><span style=\"font-weight: 400;\">Diretoria <\/span><b>ASPHAN<\/b><\/p>\n","protected":false},"excerpt":{"rendered":"<p>Aten\u00e7\u00e3o, colegas favorecidos na segunda leva de pagamentos (RPVs) do Diss\u00eddio Coletivo de 89!&nbsp; Seguem abaixo informa\u00e7\u00f5es necess\u00e1rias para que elaborem corretamente seu imposto de renda. Leiam atentamente e repassem os dados para os respectivos contadores. Os valores recebidos devem ser declarados como Receita de Rendimentos Acumulados (RRA), conforme consta na instru\u00e7\u00e3o da Receita Federal [&hellip;]<\/p>\n","protected":false},"author":3,"featured_media":0,"comment_status":"closed","ping_status":"closed","sticky":false,"template":"","format":"standard","meta":{"_bbp_topic_count":0,"_bbp_reply_count":0,"_bbp_total_topic_count":0,"_bbp_total_reply_count":0,"_bbp_voice_count":0,"_bbp_anonymous_reply_count":0,"_bbp_topic_count_hidden":0,"_bbp_reply_count_hidden":0,"_bbp_forum_subforum_count":0,"ngg_post_thumbnail":0,"_links_to":"","_links_to_target":""},"categories":[7,18],"tags":[38],"_links":{"self":[{"href":"http:\/\/www.asphan.org.br\/index.php\/wp-json\/wp\/v2\/posts\/2036"}],"collection":[{"href":"http:\/\/www.asphan.org.br\/index.php\/wp-json\/wp\/v2\/posts"}],"about":[{"href":"http:\/\/www.asphan.org.br\/index.php\/wp-json\/wp\/v2\/types\/post"}],"author":[{"embeddable":true,"href":"http:\/\/www.asphan.org.br\/index.php\/wp-json\/wp\/v2\/users\/3"}],"replies":[{"embeddable":true,"href":"http:\/\/www.asphan.org.br\/index.php\/wp-json\/wp\/v2\/comments?post=2036"}],"version-history":[{"count":2,"href":"http:\/\/www.asphan.org.br\/index.php\/wp-json\/wp\/v2\/posts\/2036\/revisions"}],"predecessor-version":[{"id":2038,"href":"http:\/\/www.asphan.org.br\/index.php\/wp-json\/wp\/v2\/posts\/2036\/revisions\/2038"}],"wp:attachment":[{"href":"http:\/\/www.asphan.org.br\/index.php\/wp-json\/wp\/v2\/media?parent=2036"}],"wp:term":[{"taxonomy":"category","embeddable":true,"href":"http:\/\/www.asphan.org.br\/index.php\/wp-json\/wp\/v2\/categories?post=2036"},{"taxonomy":"post_tag","embeddable":true,"href":"http:\/\/www.asphan.org.br\/index.php\/wp-json\/wp\/v2\/tags?post=2036"}],"curies":[{"name":"wp","href":"https:\/\/api.w.org\/{rel}","templated":true}]}}