{"id":2039,"date":"2020-03-12T18:49:54","date_gmt":"2020-03-12T21:49:54","guid":{"rendered":"http:\/\/www.asphan.org.br\/index.php\/?p=2039"},"modified":"2020-03-12T18:54:06","modified_gmt":"2020-03-12T21:54:06","slug":"concluido-o-envio-dos-recibos-dos-rpvs-do-dissidio-coletivo","status":"publish","type":"post","link":"http:\/\/www.asphan.org.br\/index.php\/concluido-o-envio-dos-recibos-dos-rpvs-do-dissidio-coletivo","title":{"rendered":"Conclu\u00eddo o envio dos recibos dos RPVs do Diss\u00eddio Coletivo"},"content":{"rendered":"<p>Caros colegas,<\/p>\n<p>Conclu\u00edmos, no dia de hoje (12\/03), o envio dos recibos emitidos pela <strong>ASPHAN<\/strong> referentes aos valores individuais de dois por cento, que couberam \u00e0 nossa associa\u00e7\u00e3o, decorrente de contrato com o escrit\u00f3rio de advocacia. <strong>Frisamos que foram enviados comprovantes para todos aqueles que receberam por RPV<\/strong>. A equipe da <strong>ASPHAN<\/strong> se desdobrou para realizar este trabalho no menor tempo poss\u00edvel. Pe\u00e7o aqueles que ainda n\u00e3o receberam que, antes de ligarem para a Associa\u00e7\u00e3o, verifiquem sua caixa de spam e se seu endere\u00e7o eletr\u00f4nico est\u00e1 correto no cadastro.<br \/>\nEm fun\u00e7\u00e3o de d\u00favidas trazidas por alguns colegas, dirigimo-nos \u00e0 advogada do processo, que reiterou n\u00e3o terem havido descontos, nem de imposto de renda, nem de previd\u00eancia oficial. Portanto, no campo apropriado no formul\u00e1rio da receita, o valor a ser preenchido \u00e9 zero. Ademais, o CNPJ da fonte pagadora a ser informado \u00e9 o do IPHAN.<\/p>\n<p>Cumpre tamb\u00e9m esclarecer que a <strong>ASPHAN<\/strong> tem tentado auxiliar, passando as informa\u00e7\u00f5es de car\u00e1ter geral relativas ao preenchimento do imposto de renda, que sejam de interesse dos associados. Contudo, lembramos que a declara\u00e7\u00e3o de imposto de renda \u00e9 de responsabilidade de cada cidad\u00e3o, e sua forma de preenchimento varia muito de acordo com a situa\u00e7\u00e3o individual do declarante. Assim, o melhor \u00e9 que se consulte, em caso de d\u00favidas, contadores especializados na declara\u00e7\u00e3o do imposto de renda de pessoa f\u00edsica.<\/p>\n<p>A advogada do processo nos informou que quem necessitar ter acesso \u00e0 planilha original do c\u00e1lculo pode se dirigir ao escrit\u00f3rio de advocacia.<\/p>\n<p>Em caso de necessidade, contate-nos pelo e-mail: asphandn@gmail.com<\/p>\n<p>Atenciosamente,<br \/>\nDiretoria <strong>ASPHAN<\/strong><\/p>\n","protected":false},"excerpt":{"rendered":"<p>Caros colegas, Conclu\u00edmos, no dia de hoje (12\/03), o envio dos recibos emitidos pela ASPHAN referentes aos valores individuais de dois por cento, que couberam \u00e0 nossa associa\u00e7\u00e3o, decorrente de contrato com o escrit\u00f3rio de advocacia. Frisamos que foram enviados comprovantes para todos aqueles que receberam por RPV. A equipe da ASPHAN se desdobrou para [&hellip;]<\/p>\n","protected":false},"author":3,"featured_media":0,"comment_status":"closed","ping_status":"closed","sticky":false,"template":"","format":"standard","meta":{"_bbp_topic_count":0,"_bbp_reply_count":0,"_bbp_total_topic_count":0,"_bbp_total_reply_count":0,"_bbp_voice_count":0,"_bbp_anonymous_reply_count":0,"_bbp_topic_count_hidden":0,"_bbp_reply_count_hidden":0,"_bbp_forum_subforum_count":0,"ngg_post_thumbnail":0,"_links_to":"","_links_to_target":""},"categories":[7,18],"tags":[],"_links":{"self":[{"href":"http:\/\/www.asphan.org.br\/index.php\/wp-json\/wp\/v2\/posts\/2039"}],"collection":[{"href":"http:\/\/www.asphan.org.br\/index.php\/wp-json\/wp\/v2\/posts"}],"about":[{"href":"http:\/\/www.asphan.org.br\/index.php\/wp-json\/wp\/v2\/types\/post"}],"author":[{"embeddable":true,"href":"http:\/\/www.asphan.org.br\/index.php\/wp-json\/wp\/v2\/users\/3"}],"replies":[{"embeddable":true,"href":"http:\/\/www.asphan.org.br\/index.php\/wp-json\/wp\/v2\/comments?post=2039"}],"version-history":[{"count":2,"href":"http:\/\/www.asphan.org.br\/index.php\/wp-json\/wp\/v2\/posts\/2039\/revisions"}],"predecessor-version":[{"id":2043,"href":"http:\/\/www.asphan.org.br\/index.php\/wp-json\/wp\/v2\/posts\/2039\/revisions\/2043"}],"wp:attachment":[{"href":"http:\/\/www.asphan.org.br\/index.php\/wp-json\/wp\/v2\/media?parent=2039"}],"wp:term":[{"taxonomy":"category","embeddable":true,"href":"http:\/\/www.asphan.org.br\/index.php\/wp-json\/wp\/v2\/categories?post=2039"},{"taxonomy":"post_tag","embeddable":true,"href":"http:\/\/www.asphan.org.br\/index.php\/wp-json\/wp\/v2\/tags?post=2039"}],"curies":[{"name":"wp","href":"https:\/\/api.w.org\/{rel}","templated":true}]}}