{"id":2045,"date":"2020-03-16T21:11:10","date_gmt":"2020-03-17T00:11:10","guid":{"rendered":"http:\/\/www.asphan.org.br\/index.php\/?p=2045"},"modified":"2020-03-16T21:11:10","modified_gmt":"2020-03-17T00:11:10","slug":"precaucoes-contra-o-coronavirus-no-ambiente-de-trabalho","status":"publish","type":"post","link":"http:\/\/www.asphan.org.br\/index.php\/precaucoes-contra-o-coronavirus-no-ambiente-de-trabalho","title":{"rendered":"Precau\u00e7\u00f5es contra o Coronav\u00edrus no ambiente de trabalho"},"content":{"rendered":"<p><span style=\"font-weight: 400;\">A Dire\u00e7\u00e3o da <\/span><b>ASPHAN<\/b><span style=\"font-weight: 400;\"> n\u00e3o poderia deixar de manifestar preocupa\u00e7\u00e3o com os desdobramentos da pandemia Coronav\u00edrus e seus impactos na sa\u00fade dos nossos associados e colegas de trabalho. Entendemos ser dever de todos cooperar para que as consequ\u00eancias, em nosso pa\u00eds, sejam as menores poss\u00edveis.<\/span><\/p>\n<p><span style=\"font-weight: 400;\">Por isso, pedimos que observem as orienta\u00e7\u00f5es do Minist\u00e9rio da Sa\u00fade, no tocante aos procedimentos de seguran\u00e7a no ambiente de trabalho. Caso elas n\u00e3o estejam sendo devidamente seguidas nas unidades, \u00e9 importante que as chefias sejam contactadas e as solu\u00e7\u00f5es debatidas, de maneira colaborativa, visando o bem-estar comum.&nbsp;<\/span><\/p>\n<p><span style=\"font-weight: 400;\">A participa\u00e7\u00e3o dos servidores ser\u00e1 fundamental para obtermos sucesso nessa luta.<\/span><\/p>\n<p>Atenciosamente,<br \/>\nDiretoria <strong>ASPHAN<\/strong><\/p>\n","protected":false},"excerpt":{"rendered":"<p>A Dire\u00e7\u00e3o da ASPHAN n\u00e3o poderia deixar de manifestar preocupa\u00e7\u00e3o com os desdobramentos da pandemia Coronav\u00edrus e seus impactos na sa\u00fade dos nossos associados e colegas de trabalho. Entendemos ser dever de todos cooperar para que as consequ\u00eancias, em nosso pa\u00eds, sejam as menores poss\u00edveis. Por isso, pedimos que observem as orienta\u00e7\u00f5es do Minist\u00e9rio da [&hellip;]<\/p>\n","protected":false},"author":3,"featured_media":0,"comment_status":"closed","ping_status":"closed","sticky":false,"template":"","format":"standard","meta":{"_bbp_topic_count":0,"_bbp_reply_count":0,"_bbp_total_topic_count":0,"_bbp_total_reply_count":0,"_bbp_voice_count":0,"_bbp_anonymous_reply_count":0,"_bbp_topic_count_hidden":0,"_bbp_reply_count_hidden":0,"_bbp_forum_subforum_count":0,"ngg_post_thumbnail":0,"_links_to":"","_links_to_target":""},"categories":[7,18],"tags":[],"_links":{"self":[{"href":"http:\/\/www.asphan.org.br\/index.php\/wp-json\/wp\/v2\/posts\/2045"}],"collection":[{"href":"http:\/\/www.asphan.org.br\/index.php\/wp-json\/wp\/v2\/posts"}],"about":[{"href":"http:\/\/www.asphan.org.br\/index.php\/wp-json\/wp\/v2\/types\/post"}],"author":[{"embeddable":true,"href":"http:\/\/www.asphan.org.br\/index.php\/wp-json\/wp\/v2\/users\/3"}],"replies":[{"embeddable":true,"href":"http:\/\/www.asphan.org.br\/index.php\/wp-json\/wp\/v2\/comments?post=2045"}],"version-history":[{"count":2,"href":"http:\/\/www.asphan.org.br\/index.php\/wp-json\/wp\/v2\/posts\/2045\/revisions"}],"predecessor-version":[{"id":2047,"href":"http:\/\/www.asphan.org.br\/index.php\/wp-json\/wp\/v2\/posts\/2045\/revisions\/2047"}],"wp:attachment":[{"href":"http:\/\/www.asphan.org.br\/index.php\/wp-json\/wp\/v2\/media?parent=2045"}],"wp:term":[{"taxonomy":"category","embeddable":true,"href":"http:\/\/www.asphan.org.br\/index.php\/wp-json\/wp\/v2\/categories?post=2045"},{"taxonomy":"post_tag","embeddable":true,"href":"http:\/\/www.asphan.org.br\/index.php\/wp-json\/wp\/v2\/tags?post=2045"}],"curies":[{"name":"wp","href":"https:\/\/api.w.org\/{rel}","templated":true}]}}