{"id":2048,"date":"2020-04-23T17:07:20","date_gmt":"2020-04-23T20:07:20","guid":{"rendered":"http:\/\/www.asphan.org.br\/index.php\/?p=2048"},"modified":"2020-04-23T17:07:20","modified_gmt":"2020-04-23T20:07:20","slug":"presidente-da-asphan-comenta-processo-do-dissidio-coletivo-de-89","status":"publish","type":"post","link":"http:\/\/www.asphan.org.br\/index.php\/presidente-da-asphan-comenta-processo-do-dissidio-coletivo-de-89","title":{"rendered":"Presidente da ASPHAN comenta processo do Diss\u00eddio Coletivo de 89"},"content":{"rendered":"<p>Caros colegas,<\/p>\n<p>Nos primeiros meses deste ano, verificamos pouca movimenta\u00e7\u00e3o no processo relativo ao Diss\u00eddio Coletivo de 1989, em decorr\u00eancia das f\u00e9rias do judici\u00e1rio, da normal lentid\u00e3o na tramita\u00e7\u00e3o processual e, posteriormente, em fun\u00e7\u00e3o da Covid-19.<\/p>\n<p>Aguardamos ansiosos pela retomada das decis\u00f5es judiciais, n\u00e3o somente relativas \u00e0s demandas dos colegas lotados dos demais Estados fora do Rio de Janeiro &#8211; condi\u00e7\u00e3o na qual me incluo -, mas de todas as situa\u00e7\u00f5es que motivam o n\u00e3o recebimento pelos integrantes da a\u00e7\u00e3o.<\/p>\n<p>Cabe esclarecer que os pagamentos j\u00e1 realizados, para o pessoal do Rio de Janeiro, foram demorados por in\u00fameros fatores alheios \u00e0 nossa vontade, como erros formais e perda de dados na Justi\u00e7a, dificuldade de contato com o servidor, entre outros.<\/p>\n<p>Contudo, essa etapa chegou ao fim e, mesmo diante do enorme trabalho gerado para a Associa\u00e7\u00e3o, n\u00e3o esmorecemos, conforme foi poss\u00edvel acompanhar pelos informes da <strong>ASPHAN<\/strong>. Logo no in\u00edcio de 2020, estivemos envolvidos ainda na miss\u00e3o de notificar e orientar os colegas contemplados pelo recebimento sobre a entrega de suas declara\u00e7\u00f5es de imposto de renda.<\/p>\n<p>Quando acredit\u00e1vamos que ter\u00edamos manifesta\u00e7\u00f5es da Justi\u00e7a sobre os pleitos de continua\u00e7\u00e3o do processo, o Poder Judici\u00e1rio entrou em recesso devido ao Coronav\u00edrus.<\/p>\n<p>Pela nossa advogada e pela imprensa, soubemos que a Justi\u00e7a voltar\u00e1 a tramitar os processos no pr\u00f3ximo dia 4 de maio. Esperamos trazer not\u00edcias em breve. Seguimos atentos!<\/p>\n<p>Atenciosamente,<br \/>\nLeonardo Barreto&nbsp;<br \/>\nPresid\u00eancia <strong>ASPHAN<\/strong><\/p>\n<p>&nbsp;<\/p>\n","protected":false},"excerpt":{"rendered":"<p>Caros colegas, Nos primeiros meses deste ano, verificamos pouca movimenta\u00e7\u00e3o no processo relativo ao Diss\u00eddio Coletivo de 1989, em decorr\u00eancia das f\u00e9rias do judici\u00e1rio, da normal lentid\u00e3o na tramita\u00e7\u00e3o processual e, posteriormente, em fun\u00e7\u00e3o da Covid-19. Aguardamos ansiosos pela retomada das decis\u00f5es judiciais, n\u00e3o somente relativas \u00e0s demandas dos colegas lotados dos demais Estados fora [&hellip;]<\/p>\n","protected":false},"author":3,"featured_media":0,"comment_status":"closed","ping_status":"closed","sticky":false,"template":"","format":"standard","meta":{"_bbp_topic_count":0,"_bbp_reply_count":0,"_bbp_total_topic_count":0,"_bbp_total_reply_count":0,"_bbp_voice_count":0,"_bbp_anonymous_reply_count":0,"_bbp_topic_count_hidden":0,"_bbp_reply_count_hidden":0,"_bbp_forum_subforum_count":0,"ngg_post_thumbnail":0,"_links_to":"","_links_to_target":""},"categories":[7,18],"tags":[],"_links":{"self":[{"href":"http:\/\/www.asphan.org.br\/index.php\/wp-json\/wp\/v2\/posts\/2048"}],"collection":[{"href":"http:\/\/www.asphan.org.br\/index.php\/wp-json\/wp\/v2\/posts"}],"about":[{"href":"http:\/\/www.asphan.org.br\/index.php\/wp-json\/wp\/v2\/types\/post"}],"author":[{"embeddable":true,"href":"http:\/\/www.asphan.org.br\/index.php\/wp-json\/wp\/v2\/users\/3"}],"replies":[{"embeddable":true,"href":"http:\/\/www.asphan.org.br\/index.php\/wp-json\/wp\/v2\/comments?post=2048"}],"version-history":[{"count":2,"href":"http:\/\/www.asphan.org.br\/index.php\/wp-json\/wp\/v2\/posts\/2048\/revisions"}],"predecessor-version":[{"id":2050,"href":"http:\/\/www.asphan.org.br\/index.php\/wp-json\/wp\/v2\/posts\/2048\/revisions\/2050"}],"wp:attachment":[{"href":"http:\/\/www.asphan.org.br\/index.php\/wp-json\/wp\/v2\/media?parent=2048"}],"wp:term":[{"taxonomy":"category","embeddable":true,"href":"http:\/\/www.asphan.org.br\/index.php\/wp-json\/wp\/v2\/categories?post=2048"},{"taxonomy":"post_tag","embeddable":true,"href":"http:\/\/www.asphan.org.br\/index.php\/wp-json\/wp\/v2\/tags?post=2048"}],"curies":[{"name":"wp","href":"https:\/\/api.w.org\/{rel}","templated":true}]}}