{"id":2085,"date":"2020-08-31T16:55:55","date_gmt":"2020-08-31T19:55:55","guid":{"rendered":"http:\/\/www.asphan.org.br\/index.php\/?p=2085"},"modified":"2020-08-31T16:55:55","modified_gmt":"2020-08-31T19:55:55","slug":"advogados-comentam-recente-decisao-do-stf-sobre-pagamento-de-pecunia","status":"publish","type":"post","link":"http:\/\/www.asphan.org.br\/index.php\/advogados-comentam-recente-decisao-do-stf-sobre-pagamento-de-pecunia","title":{"rendered":"Advogados comentam recente decis\u00e3o do STF sobre pagamento de pec\u00fania"},"content":{"rendered":"<p>Prezados colegas,<\/p>\n<p>Tem circulado, durante as \u00faltimas semanas, a not\u00edcia de que o Supremo Tribunal Federal, no dia 21 de agosto, entendeu em julgamento no plen\u00e1rio virtual que servidores p\u00fablicos que passaram do regime celetista ao estatu\u00e1rio teriam direito ao reajuste sobre a parcela conhecida como pec\u00fania ou adiantamento do Plano de Cargos e Sal\u00e1rios (PCCS) &#8211; ou seja, direito a uma diferen\u00e7a remunerat\u00f3ria decorrente do PCCS.<\/p>\n<p>No entanto, em consulta a advogados, a <strong>ASPHAN<\/strong> apurou que, no caso de seus associados, eles dificilmente poder\u00e3o resgatar esses valores, por conta da prescri\u00e7\u00e3o do fundo de direito, que deveria ter sido pleiteado \u00e0 \u00e9poca pr\u00f3pria. Isso porque, na maioria, os servidores associados \u00e0 <strong>ASPHAN<\/strong> fizeram a transi\u00e7\u00e3o da CLT para o regime estatut\u00e1rio h\u00e1 muitos anos.<\/p>\n<p>Os advogados consultados pela Associa\u00e7\u00e3o orientaram poss\u00edveis interessados na pauta a procurarem defensores para avalia\u00e7\u00e3o de cada situa\u00e7\u00e3o em particular. Contudo, advertiram que, em um primeiro olhar, n\u00e3o existe possibilidade de pleito.<\/p>\n<p>Atenciosamente,<br \/>\nDiretoria <strong>ASPHAN<\/strong><\/p>\n","protected":false},"excerpt":{"rendered":"<p>Prezados colegas, Tem circulado, durante as \u00faltimas semanas, a not\u00edcia de que o Supremo Tribunal Federal, no dia 21 de agosto, entendeu em julgamento no plen\u00e1rio virtual que servidores p\u00fablicos que passaram do regime celetista ao estatu\u00e1rio teriam direito ao reajuste sobre a parcela conhecida como pec\u00fania ou adiantamento do Plano de Cargos e Sal\u00e1rios [&hellip;]<\/p>\n","protected":false},"author":3,"featured_media":0,"comment_status":"closed","ping_status":"closed","sticky":false,"template":"","format":"standard","meta":{"_bbp_topic_count":0,"_bbp_reply_count":0,"_bbp_total_topic_count":0,"_bbp_total_reply_count":0,"_bbp_voice_count":0,"_bbp_anonymous_reply_count":0,"_bbp_topic_count_hidden":0,"_bbp_reply_count_hidden":0,"_bbp_forum_subforum_count":0,"ngg_post_thumbnail":0,"_links_to":"","_links_to_target":""},"categories":[7,18],"tags":[],"_links":{"self":[{"href":"http:\/\/www.asphan.org.br\/index.php\/wp-json\/wp\/v2\/posts\/2085"}],"collection":[{"href":"http:\/\/www.asphan.org.br\/index.php\/wp-json\/wp\/v2\/posts"}],"about":[{"href":"http:\/\/www.asphan.org.br\/index.php\/wp-json\/wp\/v2\/types\/post"}],"author":[{"embeddable":true,"href":"http:\/\/www.asphan.org.br\/index.php\/wp-json\/wp\/v2\/users\/3"}],"replies":[{"embeddable":true,"href":"http:\/\/www.asphan.org.br\/index.php\/wp-json\/wp\/v2\/comments?post=2085"}],"version-history":[{"count":2,"href":"http:\/\/www.asphan.org.br\/index.php\/wp-json\/wp\/v2\/posts\/2085\/revisions"}],"predecessor-version":[{"id":2087,"href":"http:\/\/www.asphan.org.br\/index.php\/wp-json\/wp\/v2\/posts\/2085\/revisions\/2087"}],"wp:attachment":[{"href":"http:\/\/www.asphan.org.br\/index.php\/wp-json\/wp\/v2\/media?parent=2085"}],"wp:term":[{"taxonomy":"category","embeddable":true,"href":"http:\/\/www.asphan.org.br\/index.php\/wp-json\/wp\/v2\/categories?post=2085"},{"taxonomy":"post_tag","embeddable":true,"href":"http:\/\/www.asphan.org.br\/index.php\/wp-json\/wp\/v2\/tags?post=2085"}],"curies":[{"name":"wp","href":"https:\/\/api.w.org\/{rel}","templated":true}]}}