{"id":2091,"date":"2020-09-21T09:36:40","date_gmt":"2020-09-21T12:36:40","guid":{"rendered":"http:\/\/www.asphan.org.br\/index.php\/?p=2091"},"modified":"2020-09-21T09:36:40","modified_gmt":"2020-09-21T12:36:40","slug":"processo-do-dissidio-coletivo-de-89-segue-suspenso","status":"publish","type":"post","link":"http:\/\/www.asphan.org.br\/index.php\/processo-do-dissidio-coletivo-de-89-segue-suspenso","title":{"rendered":"Processo do Diss\u00eddio Coletivo de 89 segue suspenso"},"content":{"rendered":"<p>Prezados colegas,<\/p>\n<p>O Tribunal Regional do Trabalho \u2013 1\u00aa Regi\u00e3o, respons\u00e1vel pelo Diss\u00eddio Coletivo de 1989, ainda n\u00e3o retomou as atividades presenciais, julgando apenas a\u00e7\u00f5es digitalizadas.<\/p>\n<p>Como o processo do Diss\u00eddio \u00e9 f\u00edsico, permanece suspenso por tempo indeterminado. A expectativa \u00e9 de que o retorno presencial aconte\u00e7a neste ano, com a possibilidade de digitaliza\u00e7\u00e3o do Diss\u00eddio Coletivo.<\/p>\n<p>A advogada que representa os associados da <strong>ASPHAN<\/strong> na a\u00e7\u00e3o mant\u00e9m contato com Tribunal a cada 15 dias. Informaremos quaisquer novidades em momento oportuno.<\/p>\n<p>Atenciosamente,<br \/>\nDiretoria <strong>ASPHAN<\/strong><\/p>\n","protected":false},"excerpt":{"rendered":"<p>Prezados colegas, O Tribunal Regional do Trabalho \u2013 1\u00aa Regi\u00e3o, respons\u00e1vel pelo Diss\u00eddio Coletivo de 1989, ainda n\u00e3o retomou as atividades presenciais, julgando apenas a\u00e7\u00f5es digitalizadas. Como o processo do Diss\u00eddio \u00e9 f\u00edsico, permanece suspenso por tempo indeterminado. A expectativa \u00e9 de que o retorno presencial aconte\u00e7a neste ano, com a possibilidade de digitaliza\u00e7\u00e3o do [&hellip;]<\/p>\n","protected":false},"author":3,"featured_media":0,"comment_status":"closed","ping_status":"closed","sticky":false,"template":"","format":"standard","meta":{"_bbp_topic_count":0,"_bbp_reply_count":0,"_bbp_total_topic_count":0,"_bbp_total_reply_count":0,"_bbp_voice_count":0,"_bbp_anonymous_reply_count":0,"_bbp_topic_count_hidden":0,"_bbp_reply_count_hidden":0,"_bbp_forum_subforum_count":0,"ngg_post_thumbnail":0,"_links_to":"","_links_to_target":""},"categories":[7,18],"tags":[],"_links":{"self":[{"href":"http:\/\/www.asphan.org.br\/index.php\/wp-json\/wp\/v2\/posts\/2091"}],"collection":[{"href":"http:\/\/www.asphan.org.br\/index.php\/wp-json\/wp\/v2\/posts"}],"about":[{"href":"http:\/\/www.asphan.org.br\/index.php\/wp-json\/wp\/v2\/types\/post"}],"author":[{"embeddable":true,"href":"http:\/\/www.asphan.org.br\/index.php\/wp-json\/wp\/v2\/users\/3"}],"replies":[{"embeddable":true,"href":"http:\/\/www.asphan.org.br\/index.php\/wp-json\/wp\/v2\/comments?post=2091"}],"version-history":[{"count":2,"href":"http:\/\/www.asphan.org.br\/index.php\/wp-json\/wp\/v2\/posts\/2091\/revisions"}],"predecessor-version":[{"id":2093,"href":"http:\/\/www.asphan.org.br\/index.php\/wp-json\/wp\/v2\/posts\/2091\/revisions\/2093"}],"wp:attachment":[{"href":"http:\/\/www.asphan.org.br\/index.php\/wp-json\/wp\/v2\/media?parent=2091"}],"wp:term":[{"taxonomy":"category","embeddable":true,"href":"http:\/\/www.asphan.org.br\/index.php\/wp-json\/wp\/v2\/categories?post=2091"},{"taxonomy":"post_tag","embeddable":true,"href":"http:\/\/www.asphan.org.br\/index.php\/wp-json\/wp\/v2\/tags?post=2091"}],"curies":[{"name":"wp","href":"https:\/\/api.w.org\/{rel}","templated":true}]}}