{"id":2103,"date":"2020-11-06T11:35:47","date_gmt":"2020-11-06T14:35:47","guid":{"rendered":"http:\/\/www.asphan.org.br\/index.php\/?p=2103"},"modified":"2020-11-06T11:35:47","modified_gmt":"2020-11-06T14:35:47","slug":"tribunal-responsavel-pelo-processo-do-dissidio-anuncia-reabertura-gradual","status":"publish","type":"post","link":"http:\/\/www.asphan.org.br\/index.php\/tribunal-responsavel-pelo-processo-do-dissidio-anuncia-reabertura-gradual","title":{"rendered":"Tribunal respons\u00e1vel pelo processo do Diss\u00eddio anuncia reabertura gradual"},"content":{"rendered":"<p>Prezados colegas,<\/p>\n<p>Um ato conjunto do Presidente e da Desembargadora Corregedora do Tribunal Regional do Trabalho &#8211; 1\u00aa Regi\u00e3o (TRT1), respons\u00e1vel pelo julgamento do processo do Diss\u00eddio Coletivo de 1989, estabeleceu a retomada gradual das atividades presenciais no local a partir de 16\/11. O documento de n\u00ba 14\/2020 menciona ainda audi\u00eancias h\u00edbridas, nos formatos virtual e presencial, a partir de 23\/11.<\/p>\n<p>Como o processo do Diss\u00eddio Coletivo \u00e9 f\u00edsico, depende da reabertura do TRT1 para ter continuidade. A <strong>ASPHAN<\/strong> informar\u00e1 seus associados sobre qualquer novidade.<\/p>\n<p>Atenciosamente,<br \/>\nDiretoria <strong>ASPHAN<\/strong><\/p>\n","protected":false},"excerpt":{"rendered":"<p>Prezados colegas, Um ato conjunto do Presidente e da Desembargadora Corregedora do Tribunal Regional do Trabalho &#8211; 1\u00aa Regi\u00e3o (TRT1), respons\u00e1vel pelo julgamento do processo do Diss\u00eddio Coletivo de 1989, estabeleceu a retomada gradual das atividades presenciais no local a partir de 16\/11. O documento de n\u00ba 14\/2020 menciona ainda audi\u00eancias h\u00edbridas, nos formatos virtual [&hellip;]<\/p>\n","protected":false},"author":3,"featured_media":0,"comment_status":"closed","ping_status":"closed","sticky":false,"template":"","format":"standard","meta":{"_bbp_topic_count":0,"_bbp_reply_count":0,"_bbp_total_topic_count":0,"_bbp_total_reply_count":0,"_bbp_voice_count":0,"_bbp_anonymous_reply_count":0,"_bbp_topic_count_hidden":0,"_bbp_reply_count_hidden":0,"_bbp_forum_subforum_count":0,"ngg_post_thumbnail":0,"_links_to":"","_links_to_target":""},"categories":[7,18],"tags":[],"_links":{"self":[{"href":"http:\/\/www.asphan.org.br\/index.php\/wp-json\/wp\/v2\/posts\/2103"}],"collection":[{"href":"http:\/\/www.asphan.org.br\/index.php\/wp-json\/wp\/v2\/posts"}],"about":[{"href":"http:\/\/www.asphan.org.br\/index.php\/wp-json\/wp\/v2\/types\/post"}],"author":[{"embeddable":true,"href":"http:\/\/www.asphan.org.br\/index.php\/wp-json\/wp\/v2\/users\/3"}],"replies":[{"embeddable":true,"href":"http:\/\/www.asphan.org.br\/index.php\/wp-json\/wp\/v2\/comments?post=2103"}],"version-history":[{"count":2,"href":"http:\/\/www.asphan.org.br\/index.php\/wp-json\/wp\/v2\/posts\/2103\/revisions"}],"predecessor-version":[{"id":2105,"href":"http:\/\/www.asphan.org.br\/index.php\/wp-json\/wp\/v2\/posts\/2103\/revisions\/2105"}],"wp:attachment":[{"href":"http:\/\/www.asphan.org.br\/index.php\/wp-json\/wp\/v2\/media?parent=2103"}],"wp:term":[{"taxonomy":"category","embeddable":true,"href":"http:\/\/www.asphan.org.br\/index.php\/wp-json\/wp\/v2\/categories?post=2103"},{"taxonomy":"post_tag","embeddable":true,"href":"http:\/\/www.asphan.org.br\/index.php\/wp-json\/wp\/v2\/tags?post=2103"}],"curies":[{"name":"wp","href":"https:\/\/api.w.org\/{rel}","templated":true}]}}