{"id":2128,"date":"2020-12-22T15:48:41","date_gmt":"2020-12-22T18:48:41","guid":{"rendered":"http:\/\/www.asphan.org.br\/index.php\/?p=2128"},"modified":"2020-12-22T15:48:41","modified_gmt":"2020-12-22T18:48:41","slug":"nota-de-falecimento-5","status":"publish","type":"post","link":"http:\/\/www.asphan.org.br\/index.php\/nota-de-falecimento-5","title":{"rendered":"Nota de falecimento"},"content":{"rendered":"<p>Caros colegas,<\/p>\n<p>A <strong>ASPHAN<\/strong> lamenta informar o falecimento do colega Roberto Maldos, ex-diretor da Associa\u00e7\u00e3o, no \u00faltimo dia 15. O historiador foi servidor do Iphan no Rio de Janeiro e, posteriormente, em S\u00e3o Jo\u00e3o del Rei, munic\u00edpio de Minas Gerais.<\/p>\n<p>Desejamos que familiares e amigos encontrem conforto neste momento de dor.<\/p>\n<p>Atenciosamente,<br \/>\nDiretoria <strong>ASPHAN<\/strong><\/p>\n","protected":false},"excerpt":{"rendered":"<p>Caros colegas, A ASPHAN lamenta informar o falecimento do colega Roberto Maldos, ex-diretor da Associa\u00e7\u00e3o, no \u00faltimo dia 15. O historiador foi servidor do Iphan no Rio de Janeiro e, posteriormente, em S\u00e3o Jo\u00e3o del Rei, munic\u00edpio de Minas Gerais. Desejamos que familiares e amigos encontrem conforto neste momento de dor. Atenciosamente, Diretoria ASPHAN<\/p>\n","protected":false},"author":3,"featured_media":0,"comment_status":"closed","ping_status":"closed","sticky":false,"template":"","format":"standard","meta":{"_bbp_topic_count":0,"_bbp_reply_count":0,"_bbp_total_topic_count":0,"_bbp_total_reply_count":0,"_bbp_voice_count":0,"_bbp_anonymous_reply_count":0,"_bbp_topic_count_hidden":0,"_bbp_reply_count_hidden":0,"_bbp_forum_subforum_count":0,"ngg_post_thumbnail":0,"_links_to":"","_links_to_target":""},"categories":[7,18],"tags":[],"_links":{"self":[{"href":"http:\/\/www.asphan.org.br\/index.php\/wp-json\/wp\/v2\/posts\/2128"}],"collection":[{"href":"http:\/\/www.asphan.org.br\/index.php\/wp-json\/wp\/v2\/posts"}],"about":[{"href":"http:\/\/www.asphan.org.br\/index.php\/wp-json\/wp\/v2\/types\/post"}],"author":[{"embeddable":true,"href":"http:\/\/www.asphan.org.br\/index.php\/wp-json\/wp\/v2\/users\/3"}],"replies":[{"embeddable":true,"href":"http:\/\/www.asphan.org.br\/index.php\/wp-json\/wp\/v2\/comments?post=2128"}],"version-history":[{"count":2,"href":"http:\/\/www.asphan.org.br\/index.php\/wp-json\/wp\/v2\/posts\/2128\/revisions"}],"predecessor-version":[{"id":2130,"href":"http:\/\/www.asphan.org.br\/index.php\/wp-json\/wp\/v2\/posts\/2128\/revisions\/2130"}],"wp:attachment":[{"href":"http:\/\/www.asphan.org.br\/index.php\/wp-json\/wp\/v2\/media?parent=2128"}],"wp:term":[{"taxonomy":"category","embeddable":true,"href":"http:\/\/www.asphan.org.br\/index.php\/wp-json\/wp\/v2\/categories?post=2128"},{"taxonomy":"post_tag","embeddable":true,"href":"http:\/\/www.asphan.org.br\/index.php\/wp-json\/wp\/v2\/tags?post=2128"}],"curies":[{"name":"wp","href":"https:\/\/api.w.org\/{rel}","templated":true}]}}