{"id":2137,"date":"2021-02-03T16:44:10","date_gmt":"2021-02-03T19:44:10","guid":{"rendered":"http:\/\/www.asphan.org.br\/index.php\/?p=2137"},"modified":"2021-02-03T16:44:10","modified_gmt":"2021-02-03T19:44:10","slug":"curso-livre-sobre-saberes-arqueologicos-e-oferecido-pela-ufrj","status":"publish","type":"post","link":"http:\/\/www.asphan.org.br\/index.php\/curso-livre-sobre-saberes-arqueologicos-e-oferecido-pela-ufrj","title":{"rendered":"Curso livre sobre saberes arqueol\u00f3gicos \u00e9 oferecido pela UFRJ"},"content":{"rendered":"<p>Prezados colegas,<\/p>\n<p>Um de nossos associados solicitou a divulga\u00e7\u00e3o do curso livre &#8220;Saberes Arqueol\u00f3gicos: cidade, paisagem, patrim\u00f4nio&#8221;, ministrado pela professora doutora da Universidade Federal do Rio de Janeiro, Jackeline de Macedo, nos dias 06, 13, 20 e 27 de abril de 2021.<\/p>\n<p>O conte\u00fado ser\u00e1 dividido em aulas expositivas s\u00edncronas e atividades ass\u00edncronas. As matr\u00edculas estar\u00e3o abertas entre 30 de mar\u00e7o e 3 de abril, e o investimento \u00e9 de R$ 150.<\/p>\n<p>Mais informa\u00e7\u00f5es est\u00e3o dispon\u00edveis em: <a href=\"https:\/\/paisagenshibridas.eba.ufrj.br\/2021\/01\/30\/saberesaarqueologicos\/\">https:\/\/paisagenshibridas.eba.ufrj.br\/2021\/01\/30\/saberesaarqueologicos\/<\/a><\/p>\n<p>Os canais de comunica\u00e7\u00e3o da <strong>ASPHAN<\/strong> est\u00e3o \u00e0 disposi\u00e7\u00e3o dos colegas que queiram divulgar atividades de forma\u00e7\u00e3o que contribuam ao aprimoramento de conhecimentos relacionados \u00e0s nossas tem\u00e1ticas.<\/p>\n<p>Atenciosamente,<br \/>\nDiretoria <strong>ASPHAN<\/strong><\/p>\n","protected":false},"excerpt":{"rendered":"<p>Prezados colegas, Um de nossos associados solicitou a divulga\u00e7\u00e3o do curso livre &#8220;Saberes Arqueol\u00f3gicos: cidade, paisagem, patrim\u00f4nio&#8221;, ministrado pela professora doutora da Universidade Federal do Rio de Janeiro, Jackeline de Macedo, nos dias 06, 13, 20 e 27 de abril de 2021. O conte\u00fado ser\u00e1 dividido em aulas expositivas s\u00edncronas e atividades ass\u00edncronas. As matr\u00edculas [&hellip;]<\/p>\n","protected":false},"author":3,"featured_media":0,"comment_status":"closed","ping_status":"closed","sticky":false,"template":"","format":"standard","meta":{"_bbp_topic_count":0,"_bbp_reply_count":0,"_bbp_total_topic_count":0,"_bbp_total_reply_count":0,"_bbp_voice_count":0,"_bbp_anonymous_reply_count":0,"_bbp_topic_count_hidden":0,"_bbp_reply_count_hidden":0,"_bbp_forum_subforum_count":0,"ngg_post_thumbnail":0,"_links_to":"","_links_to_target":""},"categories":[7,18],"tags":[],"_links":{"self":[{"href":"http:\/\/www.asphan.org.br\/index.php\/wp-json\/wp\/v2\/posts\/2137"}],"collection":[{"href":"http:\/\/www.asphan.org.br\/index.php\/wp-json\/wp\/v2\/posts"}],"about":[{"href":"http:\/\/www.asphan.org.br\/index.php\/wp-json\/wp\/v2\/types\/post"}],"author":[{"embeddable":true,"href":"http:\/\/www.asphan.org.br\/index.php\/wp-json\/wp\/v2\/users\/3"}],"replies":[{"embeddable":true,"href":"http:\/\/www.asphan.org.br\/index.php\/wp-json\/wp\/v2\/comments?post=2137"}],"version-history":[{"count":2,"href":"http:\/\/www.asphan.org.br\/index.php\/wp-json\/wp\/v2\/posts\/2137\/revisions"}],"predecessor-version":[{"id":2139,"href":"http:\/\/www.asphan.org.br\/index.php\/wp-json\/wp\/v2\/posts\/2137\/revisions\/2139"}],"wp:attachment":[{"href":"http:\/\/www.asphan.org.br\/index.php\/wp-json\/wp\/v2\/media?parent=2137"}],"wp:term":[{"taxonomy":"category","embeddable":true,"href":"http:\/\/www.asphan.org.br\/index.php\/wp-json\/wp\/v2\/categories?post=2137"},{"taxonomy":"post_tag","embeddable":true,"href":"http:\/\/www.asphan.org.br\/index.php\/wp-json\/wp\/v2\/tags?post=2137"}],"curies":[{"name":"wp","href":"https:\/\/api.w.org\/{rel}","templated":true}]}}