{"id":2140,"date":"2021-02-23T10:44:06","date_gmt":"2021-02-23T13:44:06","guid":{"rendered":"http:\/\/www.asphan.org.br\/index.php\/?p=2140"},"modified":"2021-02-23T12:05:08","modified_gmt":"2021-02-23T15:05:08","slug":"confira-as-informacoes-sobre-o-processo-do-dissidio-no-inicio-de-2021","status":"publish","type":"post","link":"http:\/\/www.asphan.org.br\/index.php\/confira-as-informacoes-sobre-o-processo-do-dissidio-no-inicio-de-2021","title":{"rendered":"Confira as informa\u00e7\u00f5es sobre o processo do Diss\u00eddio no in\u00edcio de 2021"},"content":{"rendered":"<p>Caros colegas,<\/p>\n<p>Com rela\u00e7\u00e3o ao processo do Diss\u00eddio Coletivo de 1989, objeto de d\u00favidas por v\u00e1rios de voc\u00eas, esclarecemos que o Tribunal do Trabalho da 1\u00aa Regi\u00e3o (TRT1), respons\u00e1vel pelo julgamento da a\u00e7\u00e3o coletiva, ainda n\u00e3o retomou as atividades presenciais, suspensas devido \u00e0 pandemia do coronav\u00edrus, de forma completa.<\/p>\n<p>Nesta quarta-feira (24\/2), \u00e0s 17h, a Ordem dos Advogados do Brasil &#8211; Rio de Janeiro (OABRJ) realizar\u00e1 uma audi\u00eancia p\u00fablica, com a presen\u00e7a da presidente do TRT1, do corregedor da corte e do procurador-chefe do Minist\u00e9rio P\u00fablico do Trabalho &#8211; Rio de Janeiro (MPT-RJ), sobre o plano de retomada das atividades presenciais da Vara. O evento ser\u00e1 transmitido <strong><a href=\"https:\/\/www.youtube.com\/oabrjoficial\">pelo canal da OAB-RJ no YouTube<\/a><\/strong> e pode ser acompanhado por aqueles que tiverem interesse.<\/p>\n<p>Tamb\u00e9m neste m\u00eas de fevereiro, o TRF1 publicou uma normativa conferindo uma designa\u00e7\u00e3o do Grupo de Acompanhamento dos Procedimentos de Digitaliza\u00e7\u00e3o de Processos F\u00edsicos e Migra\u00e7\u00e3o para o sistema do Processo Judicial Eletr\u00f4nico \u2013 GAPDIG. O documento pode ser lido <a href=\"http:\/\/www.asphan.org.br\/wp-content\/uploads\/2021\/02\/Diario_A_01.pdf\">neste link<\/a>.<\/p>\n<p>Como o processo do Diss\u00eddio Coletivo ainda \u00e9 f\u00edsico, depende da reabertura presencial do TRT1 ou da digitaliza\u00e7\u00e3o dos seus autos para ter continuidade. A <strong>ASPHAN<\/strong> informar\u00e1 associados sobre qualquer novidade relativa ao assunto.<\/p>\n<p>Atenciosamente,<br \/>\nDiretoria <strong>ASPHAN<\/strong><\/p>\n","protected":false},"excerpt":{"rendered":"<p>Caros colegas, Com rela\u00e7\u00e3o ao processo do Diss\u00eddio Coletivo de 1989, objeto de d\u00favidas por v\u00e1rios de voc\u00eas, esclarecemos que o Tribunal do Trabalho da 1\u00aa Regi\u00e3o (TRT1), respons\u00e1vel pelo julgamento da a\u00e7\u00e3o coletiva, ainda n\u00e3o retomou as atividades presenciais, suspensas devido \u00e0 pandemia do coronav\u00edrus, de forma completa. Nesta quarta-feira (24\/2), \u00e0s 17h, a [&hellip;]<\/p>\n","protected":false},"author":3,"featured_media":0,"comment_status":"closed","ping_status":"closed","sticky":false,"template":"","format":"standard","meta":{"_bbp_topic_count":0,"_bbp_reply_count":0,"_bbp_total_topic_count":0,"_bbp_total_reply_count":0,"_bbp_voice_count":0,"_bbp_anonymous_reply_count":0,"_bbp_topic_count_hidden":0,"_bbp_reply_count_hidden":0,"_bbp_forum_subforum_count":0,"ngg_post_thumbnail":0,"_links_to":"","_links_to_target":""},"categories":[7,18],"tags":[],"_links":{"self":[{"href":"http:\/\/www.asphan.org.br\/index.php\/wp-json\/wp\/v2\/posts\/2140"}],"collection":[{"href":"http:\/\/www.asphan.org.br\/index.php\/wp-json\/wp\/v2\/posts"}],"about":[{"href":"http:\/\/www.asphan.org.br\/index.php\/wp-json\/wp\/v2\/types\/post"}],"author":[{"embeddable":true,"href":"http:\/\/www.asphan.org.br\/index.php\/wp-json\/wp\/v2\/users\/3"}],"replies":[{"embeddable":true,"href":"http:\/\/www.asphan.org.br\/index.php\/wp-json\/wp\/v2\/comments?post=2140"}],"version-history":[{"count":3,"href":"http:\/\/www.asphan.org.br\/index.php\/wp-json\/wp\/v2\/posts\/2140\/revisions"}],"predecessor-version":[{"id":2144,"href":"http:\/\/www.asphan.org.br\/index.php\/wp-json\/wp\/v2\/posts\/2140\/revisions\/2144"}],"wp:attachment":[{"href":"http:\/\/www.asphan.org.br\/index.php\/wp-json\/wp\/v2\/media?parent=2140"}],"wp:term":[{"taxonomy":"category","embeddable":true,"href":"http:\/\/www.asphan.org.br\/index.php\/wp-json\/wp\/v2\/categories?post=2140"},{"taxonomy":"post_tag","embeddable":true,"href":"http:\/\/www.asphan.org.br\/index.php\/wp-json\/wp\/v2\/tags?post=2140"}],"curies":[{"name":"wp","href":"https:\/\/api.w.org\/{rel}","templated":true}]}}