{"id":2155,"date":"2021-03-16T12:25:39","date_gmt":"2021-03-16T15:25:39","guid":{"rendered":"http:\/\/www.asphan.org.br\/index.php\/?p=2155"},"modified":"2021-03-16T12:25:39","modified_gmt":"2021-03-16T15:25:39","slug":"nota-de-falecimento-6","status":"publish","type":"post","link":"http:\/\/www.asphan.org.br\/index.php\/nota-de-falecimento-6","title":{"rendered":"Nota de falecimento"},"content":{"rendered":"<p>Prezados,<\/p>\n<p>Com pesar, informamos o falecimento do colega Sabino Barroso na \u00faltima segunda-feira (15\/3). O arquiteto dedicou muitos anos de sua vida \u00e0 superintend\u00eancia do Iphan no Rio de Janeiro e passou tamb\u00e9m pela dire\u00e7\u00e3o da autarquia. Desejamos que familiares e amigos encontrem conforto neste momento.<\/p>\n<p>Atenciosamente,<br \/>\nDiretoria <strong>ASPHAN<\/strong><\/p>\n","protected":false},"excerpt":{"rendered":"<p>Prezados, Com pesar, informamos o falecimento do colega Sabino Barroso na \u00faltima segunda-feira (15\/3). O arquiteto dedicou muitos anos de sua vida \u00e0 superintend\u00eancia do Iphan no Rio de Janeiro e passou tamb\u00e9m pela dire\u00e7\u00e3o da autarquia. Desejamos que familiares e amigos encontrem conforto neste momento. Atenciosamente, Diretoria ASPHAN<\/p>\n","protected":false},"author":3,"featured_media":0,"comment_status":"closed","ping_status":"closed","sticky":false,"template":"","format":"standard","meta":{"_bbp_topic_count":0,"_bbp_reply_count":0,"_bbp_total_topic_count":0,"_bbp_total_reply_count":0,"_bbp_voice_count":0,"_bbp_anonymous_reply_count":0,"_bbp_topic_count_hidden":0,"_bbp_reply_count_hidden":0,"_bbp_forum_subforum_count":0,"ngg_post_thumbnail":0,"_links_to":"","_links_to_target":""},"categories":[7,18],"tags":[],"_links":{"self":[{"href":"http:\/\/www.asphan.org.br\/index.php\/wp-json\/wp\/v2\/posts\/2155"}],"collection":[{"href":"http:\/\/www.asphan.org.br\/index.php\/wp-json\/wp\/v2\/posts"}],"about":[{"href":"http:\/\/www.asphan.org.br\/index.php\/wp-json\/wp\/v2\/types\/post"}],"author":[{"embeddable":true,"href":"http:\/\/www.asphan.org.br\/index.php\/wp-json\/wp\/v2\/users\/3"}],"replies":[{"embeddable":true,"href":"http:\/\/www.asphan.org.br\/index.php\/wp-json\/wp\/v2\/comments?post=2155"}],"version-history":[{"count":2,"href":"http:\/\/www.asphan.org.br\/index.php\/wp-json\/wp\/v2\/posts\/2155\/revisions"}],"predecessor-version":[{"id":2157,"href":"http:\/\/www.asphan.org.br\/index.php\/wp-json\/wp\/v2\/posts\/2155\/revisions\/2157"}],"wp:attachment":[{"href":"http:\/\/www.asphan.org.br\/index.php\/wp-json\/wp\/v2\/media?parent=2155"}],"wp:term":[{"taxonomy":"category","embeddable":true,"href":"http:\/\/www.asphan.org.br\/index.php\/wp-json\/wp\/v2\/categories?post=2155"},{"taxonomy":"post_tag","embeddable":true,"href":"http:\/\/www.asphan.org.br\/index.php\/wp-json\/wp\/v2\/tags?post=2155"}],"curies":[{"name":"wp","href":"https:\/\/api.w.org\/{rel}","templated":true}]}}