{"id":2170,"date":"2021-04-17T14:40:14","date_gmt":"2021-04-17T17:40:14","guid":{"rendered":"http:\/\/www.asphan.org.br\/index.php\/?p=2170"},"modified":"2021-04-17T14:40:14","modified_gmt":"2021-04-17T17:40:14","slug":"envie-sua-sugestao-de-imagem-para-o-instagram-da-asphan","status":"publish","type":"post","link":"http:\/\/www.asphan.org.br\/index.php\/envie-sua-sugestao-de-imagem-para-o-instagram-da-asphan","title":{"rendered":"Envie sua sugest\u00e3o de imagem para o Instagram da Asphan"},"content":{"rendered":"<p><span style=\"font-weight: 400;\">Caros colegas,<\/span><span style=\"font-weight: 400;\"><br \/>\n<\/span><span style=\"font-weight: 400;\"><br \/>\n<\/span><span style=\"font-weight: 400;\"><a href=\"https:\/\/www.instagram.com\/asphan.oficial\/\">O novo perfil da <strong>ASPHAN<\/strong> no Instagram<\/a> est\u00e1 aberto a fotografias feitas por voc\u00eas, relacionadas ao nosso trabalho. Enviem sugest\u00f5es de imagens para <\/span><a href=\"mailto:comunicacao.asphan@gmail.com\"><span style=\"font-weight: 400;\">comunicacao.asphan@gmail.com<\/span><\/a><span style=\"font-weight: 400;\">. <\/span><span style=\"font-weight: 400;\"><br \/>\n<\/span><span style=\"font-weight: 400;\"><br \/>\n<\/span><span style=\"font-weight: 400;\">\u00c9 interessante que seja sua a autoria da foto ou que voc\u00ea saiba nos indicar o fot\u00f3grafo. Conte-nos tamb\u00e9m, pelo e-mail, o ano, o local e a hist\u00f3ria do registro fotogr\u00e1fico, al\u00e9m de &#8211; l\u00f3gico &#8211; o seu @ no Instagram para que possamos marc\u00e1-lo. Ser\u00e1 uma boa oportunidade para que outros colegas o encontrem na rede!<\/span><span style=\"font-weight: 400;\"><br \/>\n<\/span><span style=\"font-weight: 400;\"><br \/>\n<\/span><span style=\"font-weight: 400;\">Estamos ansiosos por conhecer e compartilhar esses momentos, ainda mais em um per\u00edodo de distanciamento social.<\/span><span style=\"font-weight: 400;\"><br \/>\n<\/span><span style=\"font-weight: 400;\"><br \/>\n<\/span><span style=\"font-weight: 400;\">Abra\u00e7os,<\/span><span style=\"font-weight: 400;\"><br \/>\n<\/span><span style=\"font-weight: 400;\">Diretoria <strong>ASPHAN<\/strong><\/span><\/p>\n","protected":false},"excerpt":{"rendered":"<p>Caros colegas, O novo perfil da ASPHAN no Instagram est\u00e1 aberto a fotografias feitas por voc\u00eas, relacionadas ao nosso trabalho. Enviem sugest\u00f5es de imagens para comunicacao.asphan@gmail.com. \u00c9 interessante que seja sua a autoria da foto ou que voc\u00ea saiba nos indicar o fot\u00f3grafo. Conte-nos tamb\u00e9m, pelo e-mail, o ano, o local e a hist\u00f3ria do [&hellip;]<\/p>\n","protected":false},"author":3,"featured_media":0,"comment_status":"closed","ping_status":"closed","sticky":false,"template":"","format":"standard","meta":{"_bbp_topic_count":0,"_bbp_reply_count":0,"_bbp_total_topic_count":0,"_bbp_total_reply_count":0,"_bbp_voice_count":0,"_bbp_anonymous_reply_count":0,"_bbp_topic_count_hidden":0,"_bbp_reply_count_hidden":0,"_bbp_forum_subforum_count":0,"ngg_post_thumbnail":0,"_links_to":"","_links_to_target":""},"categories":[7],"tags":[],"_links":{"self":[{"href":"http:\/\/www.asphan.org.br\/index.php\/wp-json\/wp\/v2\/posts\/2170"}],"collection":[{"href":"http:\/\/www.asphan.org.br\/index.php\/wp-json\/wp\/v2\/posts"}],"about":[{"href":"http:\/\/www.asphan.org.br\/index.php\/wp-json\/wp\/v2\/types\/post"}],"author":[{"embeddable":true,"href":"http:\/\/www.asphan.org.br\/index.php\/wp-json\/wp\/v2\/users\/3"}],"replies":[{"embeddable":true,"href":"http:\/\/www.asphan.org.br\/index.php\/wp-json\/wp\/v2\/comments?post=2170"}],"version-history":[{"count":2,"href":"http:\/\/www.asphan.org.br\/index.php\/wp-json\/wp\/v2\/posts\/2170\/revisions"}],"predecessor-version":[{"id":2172,"href":"http:\/\/www.asphan.org.br\/index.php\/wp-json\/wp\/v2\/posts\/2170\/revisions\/2172"}],"wp:attachment":[{"href":"http:\/\/www.asphan.org.br\/index.php\/wp-json\/wp\/v2\/media?parent=2170"}],"wp:term":[{"taxonomy":"category","embeddable":true,"href":"http:\/\/www.asphan.org.br\/index.php\/wp-json\/wp\/v2\/categories?post=2170"},{"taxonomy":"post_tag","embeddable":true,"href":"http:\/\/www.asphan.org.br\/index.php\/wp-json\/wp\/v2\/tags?post=2170"}],"curies":[{"name":"wp","href":"https:\/\/api.w.org\/{rel}","templated":true}]}}