{"id":2175,"date":"2021-05-04T14:24:55","date_gmt":"2021-05-04T17:24:55","guid":{"rendered":"http:\/\/www.asphan.org.br\/index.php\/?p=2175"},"modified":"2021-05-04T15:36:56","modified_gmt":"2021-05-04T18:36:56","slug":"processo-do-dissidio-coletivo-esta-sendo-digitalizado","status":"publish","type":"post","link":"http:\/\/www.asphan.org.br\/index.php\/processo-do-dissidio-coletivo-esta-sendo-digitalizado","title":{"rendered":"Processo do Diss\u00eddio Coletivo pode ser digitalizado em breve"},"content":{"rendered":"<p>Caros colegas,<\/p>\n<p>O Tribunal do Trabalho da 1\u00aa Regi\u00e3o (TRT1), respons\u00e1vel pelo julgamento da a\u00e7\u00e3o do Diss\u00eddio Coletivo de 1989, iniciou a digitaliza\u00e7\u00e3o dos processos que se encontram em segunda inst\u00e2ncia.<\/p>\n<p>Ainda em primeira inst\u00e2ncia, para os colegas que n\u00e3o foram contemplados na primeira leva, \u00e9 poss\u00edvel que o processo Diss\u00eddio tenha sua digitaliza\u00e7\u00e3o iniciada ainda este m\u00eas, a depender do ritmo do Tribunal, que vem operando em escala de rod\u00edzio dos funcion\u00e1rios.<\/p>\n<p>Lembramos que, por ainda ser f\u00edsico, o processo aguarda a digitaliza\u00e7\u00e3o ou a reabertura presencial do Tribunal para continuar tramitando.<\/p>\n<p>Retornamos com mais informa\u00e7\u00f5es assim que poss\u00edvel.<\/p>\n<p>Atenciosamente,<br \/>\nDiretoria <strong>ASPHAN<\/strong><\/p>\n","protected":false},"excerpt":{"rendered":"<p>Caros colegas, O Tribunal do Trabalho da 1\u00aa Regi\u00e3o (TRT1), respons\u00e1vel pelo julgamento da a\u00e7\u00e3o do Diss\u00eddio Coletivo de 1989, iniciou a digitaliza\u00e7\u00e3o dos processos que se encontram em segunda inst\u00e2ncia. Ainda em primeira inst\u00e2ncia, para os colegas que n\u00e3o foram contemplados na primeira leva, \u00e9 poss\u00edvel que o processo Diss\u00eddio tenha sua digitaliza\u00e7\u00e3o iniciada [&hellip;]<\/p>\n","protected":false},"author":3,"featured_media":0,"comment_status":"closed","ping_status":"closed","sticky":false,"template":"","format":"standard","meta":{"_bbp_topic_count":0,"_bbp_reply_count":0,"_bbp_total_topic_count":0,"_bbp_total_reply_count":0,"_bbp_voice_count":0,"_bbp_anonymous_reply_count":0,"_bbp_topic_count_hidden":0,"_bbp_reply_count_hidden":0,"_bbp_forum_subforum_count":0,"ngg_post_thumbnail":0,"_links_to":"","_links_to_target":""},"categories":[7,18],"tags":[],"_links":{"self":[{"href":"http:\/\/www.asphan.org.br\/index.php\/wp-json\/wp\/v2\/posts\/2175"}],"collection":[{"href":"http:\/\/www.asphan.org.br\/index.php\/wp-json\/wp\/v2\/posts"}],"about":[{"href":"http:\/\/www.asphan.org.br\/index.php\/wp-json\/wp\/v2\/types\/post"}],"author":[{"embeddable":true,"href":"http:\/\/www.asphan.org.br\/index.php\/wp-json\/wp\/v2\/users\/3"}],"replies":[{"embeddable":true,"href":"http:\/\/www.asphan.org.br\/index.php\/wp-json\/wp\/v2\/comments?post=2175"}],"version-history":[{"count":3,"href":"http:\/\/www.asphan.org.br\/index.php\/wp-json\/wp\/v2\/posts\/2175\/revisions"}],"predecessor-version":[{"id":2180,"href":"http:\/\/www.asphan.org.br\/index.php\/wp-json\/wp\/v2\/posts\/2175\/revisions\/2180"}],"wp:attachment":[{"href":"http:\/\/www.asphan.org.br\/index.php\/wp-json\/wp\/v2\/media?parent=2175"}],"wp:term":[{"taxonomy":"category","embeddable":true,"href":"http:\/\/www.asphan.org.br\/index.php\/wp-json\/wp\/v2\/categories?post=2175"},{"taxonomy":"post_tag","embeddable":true,"href":"http:\/\/www.asphan.org.br\/index.php\/wp-json\/wp\/v2\/tags?post=2175"}],"curies":[{"name":"wp","href":"https:\/\/api.w.org\/{rel}","templated":true}]}}