{"id":2218,"date":"2021-07-22T10:02:34","date_gmt":"2021-07-22T13:02:34","guid":{"rendered":"http:\/\/www.asphan.org.br\/index.php\/?p=2218"},"modified":"2021-07-22T10:02:34","modified_gmt":"2021-07-22T13:02:34","slug":"justica-torna-o-processo-do-dissidio-eletronico","status":"publish","type":"post","link":"http:\/\/www.asphan.org.br\/index.php\/justica-torna-o-processo-do-dissidio-eletronico","title":{"rendered":"Justi\u00e7a torna o processo do Diss\u00eddio eletr\u00f4nico"},"content":{"rendered":"<p>Caros colegas,<\/p>\n<p>Na noite de ontem (21\/7), a advogada que representa os servidores na a\u00e7\u00e3o do Diss\u00eddio Coletivo de 89, informou \u00e0 <strong>ASPHAN<\/strong> que a Justi\u00e7a do Trabalho procedeu, nesta semana, o cadastro do Diss\u00eddio enquanto processo eletr\u00f4nico. Com isso, est\u00e1 autorizada a digitaliza\u00e7\u00e3o dos autos.<\/p>\n<p>Leia a certid\u00e3o de abertura do processo eletr\u00f4nico <a href=\"http:\/\/www.asphan.org.br\/wp-content\/uploads\/2021\/07\/certid%C3%A3o-de-abertura.pdf\"><strong>neste link<\/strong><\/a>.<\/p>\n<p>T\u00e3o logo a Associa\u00e7\u00e3o receber novas informa\u00e7\u00f5es sobre o andamento do processo, elas ser\u00e3o disponibilizadas em nossos canais oficiais de comunica\u00e7\u00e3o.<\/p>\n<p>Atenciosamente,<br \/>\nDiretoria <strong>ASPHAN<\/strong><\/p>\n","protected":false},"excerpt":{"rendered":"<p>Caros colegas, Na noite de ontem (21\/7), a advogada que representa os servidores na a\u00e7\u00e3o do Diss\u00eddio Coletivo de 89, informou \u00e0 ASPHAN que a Justi\u00e7a do Trabalho procedeu, nesta semana, o cadastro do Diss\u00eddio enquanto processo eletr\u00f4nico. Com isso, est\u00e1 autorizada a digitaliza\u00e7\u00e3o dos autos. Leia a certid\u00e3o de abertura do processo eletr\u00f4nico neste [&hellip;]<\/p>\n","protected":false},"author":3,"featured_media":0,"comment_status":"closed","ping_status":"closed","sticky":false,"template":"","format":"standard","meta":{"_bbp_topic_count":0,"_bbp_reply_count":0,"_bbp_total_topic_count":0,"_bbp_total_reply_count":0,"_bbp_voice_count":0,"_bbp_anonymous_reply_count":0,"_bbp_topic_count_hidden":0,"_bbp_reply_count_hidden":0,"_bbp_forum_subforum_count":0,"ngg_post_thumbnail":0,"_links_to":"","_links_to_target":""},"categories":[7,18],"tags":[],"_links":{"self":[{"href":"http:\/\/www.asphan.org.br\/index.php\/wp-json\/wp\/v2\/posts\/2218"}],"collection":[{"href":"http:\/\/www.asphan.org.br\/index.php\/wp-json\/wp\/v2\/posts"}],"about":[{"href":"http:\/\/www.asphan.org.br\/index.php\/wp-json\/wp\/v2\/types\/post"}],"author":[{"embeddable":true,"href":"http:\/\/www.asphan.org.br\/index.php\/wp-json\/wp\/v2\/users\/3"}],"replies":[{"embeddable":true,"href":"http:\/\/www.asphan.org.br\/index.php\/wp-json\/wp\/v2\/comments?post=2218"}],"version-history":[{"count":2,"href":"http:\/\/www.asphan.org.br\/index.php\/wp-json\/wp\/v2\/posts\/2218\/revisions"}],"predecessor-version":[{"id":2221,"href":"http:\/\/www.asphan.org.br\/index.php\/wp-json\/wp\/v2\/posts\/2218\/revisions\/2221"}],"wp:attachment":[{"href":"http:\/\/www.asphan.org.br\/index.php\/wp-json\/wp\/v2\/media?parent=2218"}],"wp:term":[{"taxonomy":"category","embeddable":true,"href":"http:\/\/www.asphan.org.br\/index.php\/wp-json\/wp\/v2\/categories?post=2218"},{"taxonomy":"post_tag","embeddable":true,"href":"http:\/\/www.asphan.org.br\/index.php\/wp-json\/wp\/v2\/tags?post=2218"}],"curies":[{"name":"wp","href":"https:\/\/api.w.org\/{rel}","templated":true}]}}