{"id":2222,"date":"2021-07-27T15:13:20","date_gmt":"2021-07-27T18:13:20","guid":{"rendered":"http:\/\/www.asphan.org.br\/index.php\/?p=2222"},"modified":"2021-07-27T15:16:40","modified_gmt":"2021-07-27T18:16:40","slug":"sitio-roberto-burle-marx-e-reconhecido-como-patrimonio-mundial-pela-unesco","status":"publish","type":"post","link":"http:\/\/www.asphan.org.br\/index.php\/sitio-roberto-burle-marx-e-reconhecido-como-patrimonio-mundial-pela-unesco","title":{"rendered":"S\u00edtio Roberto Burle Marx \u00e9 reconhecido como Patrim\u00f4nio Mundial pela Unesco"},"content":{"rendered":"<p>Caros colegas,<\/p>\n<p>Com enorme satisfa\u00e7\u00e3o, a Diretoria da <strong>ASPHAN<\/strong> parabeniza a dire\u00e7\u00e3o e todo quadro de servidores do S\u00edtio Roberto Burle Marx pelo reconhecimento como Patrim\u00f4nio Mundial, na categoria paisagem cultural, pela Organiza\u00e7\u00e3o das Na\u00e7\u00f5es Unidas para a Educa\u00e7\u00e3o, a Ci\u00eancia e a Cultura (Unesco).<\/p>\n<p>A candidatura brasileira foi apreciada nesta ter\u00e7a-feira (27\/7), durante a 44\u00aa Sess\u00e3o do Comit\u00ea do Patrim\u00f4nio Mundial, realizada em Fuzhou, na China.<\/p>\n<p>A <strong>ASPHAN<\/strong> externa alegria ao cumprimentar a todos os profissionais que lutaram pela preserva\u00e7\u00e3o do s\u00edtio ao longo dos anos de sua exist\u00eancia.<\/p>\n<figure id=\"attachment_2223\" aria-describedby=\"caption-attachment-2223\" style=\"width: 640px\" class=\"wp-caption aligncenter\"><img loading=\"lazy\" class=\"size-large wp-image-2223\" src=\"http:\/\/www.asphan.org.br\/wp-content\/uploads\/2021\/07\/TomazSilva_AgenciaBrasil-640x426.jpg\" alt=\"\" width=\"640\" height=\"426\" srcset=\"http:\/\/www.asphan.org.br\/wp-content\/uploads\/2021\/07\/TomazSilva_AgenciaBrasil-640x426.jpg 640w, http:\/\/www.asphan.org.br\/wp-content\/uploads\/2021\/07\/TomazSilva_AgenciaBrasil-150x100.jpg 150w, http:\/\/www.asphan.org.br\/wp-content\/uploads\/2021\/07\/TomazSilva_AgenciaBrasil-600x399.jpg 600w, http:\/\/www.asphan.org.br\/wp-content\/uploads\/2021\/07\/TomazSilva_AgenciaBrasil.jpg 754w\" sizes=\"(max-width: 640px) 100vw, 640px\" \/><figcaption id=\"caption-attachment-2223\" class=\"wp-caption-text\">Foto: Tomaz Silva\/Ag\u00eancia Brasil<\/figcaption><\/figure>\n<p>Atenciosamente,<br \/>\nDiretoria <strong>ASPHAN<\/strong><\/p>\n","protected":false},"excerpt":{"rendered":"<p>Caros colegas, Com enorme satisfa\u00e7\u00e3o, a Diretoria da ASPHAN parabeniza a dire\u00e7\u00e3o e todo quadro de servidores do S\u00edtio Roberto Burle Marx pelo reconhecimento como Patrim\u00f4nio Mundial, na categoria paisagem cultural, pela Organiza\u00e7\u00e3o das Na\u00e7\u00f5es Unidas para a Educa\u00e7\u00e3o, a Ci\u00eancia e a Cultura (Unesco). A candidatura brasileira foi apreciada nesta ter\u00e7a-feira (27\/7), durante a [&hellip;]<\/p>\n","protected":false},"author":3,"featured_media":0,"comment_status":"closed","ping_status":"closed","sticky":false,"template":"","format":"standard","meta":{"_bbp_topic_count":0,"_bbp_reply_count":0,"_bbp_total_topic_count":0,"_bbp_total_reply_count":0,"_bbp_voice_count":0,"_bbp_anonymous_reply_count":0,"_bbp_topic_count_hidden":0,"_bbp_reply_count_hidden":0,"_bbp_forum_subforum_count":0,"ngg_post_thumbnail":0,"_links_to":"","_links_to_target":""},"categories":[7,18],"tags":[],"_links":{"self":[{"href":"http:\/\/www.asphan.org.br\/index.php\/wp-json\/wp\/v2\/posts\/2222"}],"collection":[{"href":"http:\/\/www.asphan.org.br\/index.php\/wp-json\/wp\/v2\/posts"}],"about":[{"href":"http:\/\/www.asphan.org.br\/index.php\/wp-json\/wp\/v2\/types\/post"}],"author":[{"embeddable":true,"href":"http:\/\/www.asphan.org.br\/index.php\/wp-json\/wp\/v2\/users\/3"}],"replies":[{"embeddable":true,"href":"http:\/\/www.asphan.org.br\/index.php\/wp-json\/wp\/v2\/comments?post=2222"}],"version-history":[{"count":3,"href":"http:\/\/www.asphan.org.br\/index.php\/wp-json\/wp\/v2\/posts\/2222\/revisions"}],"predecessor-version":[{"id":2226,"href":"http:\/\/www.asphan.org.br\/index.php\/wp-json\/wp\/v2\/posts\/2222\/revisions\/2226"}],"wp:attachment":[{"href":"http:\/\/www.asphan.org.br\/index.php\/wp-json\/wp\/v2\/media?parent=2222"}],"wp:term":[{"taxonomy":"category","embeddable":true,"href":"http:\/\/www.asphan.org.br\/index.php\/wp-json\/wp\/v2\/categories?post=2222"},{"taxonomy":"post_tag","embeddable":true,"href":"http:\/\/www.asphan.org.br\/index.php\/wp-json\/wp\/v2\/tags?post=2222"}],"curies":[{"name":"wp","href":"https:\/\/api.w.org\/{rel}","templated":true}]}}