{"id":2238,"date":"2021-09-29T17:07:42","date_gmt":"2021-09-29T20:07:42","guid":{"rendered":"http:\/\/www.asphan.org.br\/index.php\/?p=2238"},"modified":"2021-09-29T17:07:42","modified_gmt":"2021-09-29T20:07:42","slug":"autos-do-dissidio-coletivo-de-89-estao-digitalizados","status":"publish","type":"post","link":"http:\/\/www.asphan.org.br\/index.php\/autos-do-dissidio-coletivo-de-89-estao-digitalizados","title":{"rendered":"Autos do Diss\u00eddio Coletivo de 89 est\u00e3o digitalizados"},"content":{"rendered":"<p>Caros colegas,<\/p>\n<p>Com satisfa\u00e7\u00e3o, informamos mais uma pequena vit\u00f3ria com rela\u00e7\u00e3o ao processo do Diss\u00eddio Coletivo de 1989. Nesta semana, o escrit\u00f3rio da advogada representante dos servidores do Iphan e do Ibram na a\u00e7\u00e3o nos comunicou sobre os autos do Diss\u00eddio j\u00e1 terem sido totalmente digitalizados.<\/p>\n<p>Esperamos, em breve, trazer novidades sobre a tramita\u00e7\u00e3o na Justi\u00e7a.<\/p>\n<p>Atenciosamente,<br \/>\nDiretoria <strong>ASPHAN<\/strong><\/p>\n","protected":false},"excerpt":{"rendered":"<p>Caros colegas, Com satisfa\u00e7\u00e3o, informamos mais uma pequena vit\u00f3ria com rela\u00e7\u00e3o ao processo do Diss\u00eddio Coletivo de 1989. Nesta semana, o escrit\u00f3rio da advogada representante dos servidores do Iphan e do Ibram na a\u00e7\u00e3o nos comunicou sobre os autos do Diss\u00eddio j\u00e1 terem sido totalmente digitalizados. Esperamos, em breve, trazer novidades sobre a tramita\u00e7\u00e3o na [&hellip;]<\/p>\n","protected":false},"author":3,"featured_media":0,"comment_status":"closed","ping_status":"closed","sticky":false,"template":"","format":"standard","meta":{"_bbp_topic_count":0,"_bbp_reply_count":0,"_bbp_total_topic_count":0,"_bbp_total_reply_count":0,"_bbp_voice_count":0,"_bbp_anonymous_reply_count":0,"_bbp_topic_count_hidden":0,"_bbp_reply_count_hidden":0,"_bbp_forum_subforum_count":0,"ngg_post_thumbnail":0,"_links_to":"","_links_to_target":""},"categories":[7,18],"tags":[],"_links":{"self":[{"href":"http:\/\/www.asphan.org.br\/index.php\/wp-json\/wp\/v2\/posts\/2238"}],"collection":[{"href":"http:\/\/www.asphan.org.br\/index.php\/wp-json\/wp\/v2\/posts"}],"about":[{"href":"http:\/\/www.asphan.org.br\/index.php\/wp-json\/wp\/v2\/types\/post"}],"author":[{"embeddable":true,"href":"http:\/\/www.asphan.org.br\/index.php\/wp-json\/wp\/v2\/users\/3"}],"replies":[{"embeddable":true,"href":"http:\/\/www.asphan.org.br\/index.php\/wp-json\/wp\/v2\/comments?post=2238"}],"version-history":[{"count":2,"href":"http:\/\/www.asphan.org.br\/index.php\/wp-json\/wp\/v2\/posts\/2238\/revisions"}],"predecessor-version":[{"id":2241,"href":"http:\/\/www.asphan.org.br\/index.php\/wp-json\/wp\/v2\/posts\/2238\/revisions\/2241"}],"wp:attachment":[{"href":"http:\/\/www.asphan.org.br\/index.php\/wp-json\/wp\/v2\/media?parent=2238"}],"wp:term":[{"taxonomy":"category","embeddable":true,"href":"http:\/\/www.asphan.org.br\/index.php\/wp-json\/wp\/v2\/categories?post=2238"},{"taxonomy":"post_tag","embeddable":true,"href":"http:\/\/www.asphan.org.br\/index.php\/wp-json\/wp\/v2\/tags?post=2238"}],"curies":[{"name":"wp","href":"https:\/\/api.w.org\/{rel}","templated":true}]}}