{"id":2248,"date":"2021-10-07T13:30:58","date_gmt":"2021-10-07T16:30:58","guid":{"rendered":"http:\/\/www.asphan.org.br\/index.php\/?p=2248"},"modified":"2021-10-07T13:30:58","modified_gmt":"2021-10-07T16:30:58","slug":"atencao-aposentado-fique-atento-ao-prazo-da-prova-de-vida","status":"publish","type":"post","link":"http:\/\/www.asphan.org.br\/index.php\/atencao-aposentado-fique-atento-ao-prazo-da-prova-de-vida","title":{"rendered":"Aten\u00e7\u00e3o, aposentado: fique atento ao prazo da Prova de Vida!"},"content":{"rendered":"<p>Prezado associado,<\/p>\n<p>A pedido do Departamento Pessoal do Iphan, lembramos os colegas aposentados que n\u00e3o realizaram a Prova de Vida, entre janeiro de 2020 e setembro de 2021, sobre o calend\u00e1rio do Governo Federal para a realiza\u00e7\u00e3o.<\/p>\n<p>Fique atento:<\/p>\n<p><img loading=\"lazy\" class=\"aligncenter size-large wp-image-2249\" src=\"http:\/\/www.asphan.org.br\/wp-content\/uploads\/2021\/10\/ProvaDeVida-640x412.png\" alt=\"\" width=\"640\" height=\"412\" srcset=\"http:\/\/www.asphan.org.br\/wp-content\/uploads\/2021\/10\/ProvaDeVida-640x412.png 640w, http:\/\/www.asphan.org.br\/wp-content\/uploads\/2021\/10\/ProvaDeVida-150x96.png 150w, http:\/\/www.asphan.org.br\/wp-content\/uploads\/2021\/10\/ProvaDeVida-768x494.png 768w, http:\/\/www.asphan.org.br\/wp-content\/uploads\/2021\/10\/ProvaDeVida-600x386.png 600w, http:\/\/www.asphan.org.br\/wp-content\/uploads\/2021\/10\/ProvaDeVida.png 961w\" sizes=\"(max-width: 640px) 100vw, 640px\" \/><\/p>\n<p>Atenciosamente,<br \/>\nDiretoria <strong>ASPHAN<\/strong><\/p>\n","protected":false},"excerpt":{"rendered":"<p>Prezado associado, A pedido do Departamento Pessoal do Iphan, lembramos os colegas aposentados que n\u00e3o realizaram a Prova de Vida, entre janeiro de 2020 e setembro de 2021, sobre o calend\u00e1rio do Governo Federal para a realiza\u00e7\u00e3o. Fique atento: Atenciosamente, Diretoria ASPHAN<\/p>\n","protected":false},"author":3,"featured_media":0,"comment_status":"closed","ping_status":"closed","sticky":false,"template":"","format":"standard","meta":{"_bbp_topic_count":0,"_bbp_reply_count":0,"_bbp_total_topic_count":0,"_bbp_total_reply_count":0,"_bbp_voice_count":0,"_bbp_anonymous_reply_count":0,"_bbp_topic_count_hidden":0,"_bbp_reply_count_hidden":0,"_bbp_forum_subforum_count":0,"ngg_post_thumbnail":0,"_links_to":"","_links_to_target":""},"categories":[7,18],"tags":[],"_links":{"self":[{"href":"http:\/\/www.asphan.org.br\/index.php\/wp-json\/wp\/v2\/posts\/2248"}],"collection":[{"href":"http:\/\/www.asphan.org.br\/index.php\/wp-json\/wp\/v2\/posts"}],"about":[{"href":"http:\/\/www.asphan.org.br\/index.php\/wp-json\/wp\/v2\/types\/post"}],"author":[{"embeddable":true,"href":"http:\/\/www.asphan.org.br\/index.php\/wp-json\/wp\/v2\/users\/3"}],"replies":[{"embeddable":true,"href":"http:\/\/www.asphan.org.br\/index.php\/wp-json\/wp\/v2\/comments?post=2248"}],"version-history":[{"count":1,"href":"http:\/\/www.asphan.org.br\/index.php\/wp-json\/wp\/v2\/posts\/2248\/revisions"}],"predecessor-version":[{"id":2250,"href":"http:\/\/www.asphan.org.br\/index.php\/wp-json\/wp\/v2\/posts\/2248\/revisions\/2250"}],"wp:attachment":[{"href":"http:\/\/www.asphan.org.br\/index.php\/wp-json\/wp\/v2\/media?parent=2248"}],"wp:term":[{"taxonomy":"category","embeddable":true,"href":"http:\/\/www.asphan.org.br\/index.php\/wp-json\/wp\/v2\/categories?post=2248"},{"taxonomy":"post_tag","embeddable":true,"href":"http:\/\/www.asphan.org.br\/index.php\/wp-json\/wp\/v2\/tags?post=2248"}],"curies":[{"name":"wp","href":"https:\/\/api.w.org\/{rel}","templated":true}]}}