{"id":2281,"date":"2022-01-04T20:50:28","date_gmt":"2022-01-04T23:50:28","guid":{"rendered":"http:\/\/www.asphan.org.br\/index.php\/?p=2281"},"modified":"2022-01-04T20:50:28","modified_gmt":"2022-01-04T23:50:28","slug":"atencao-aposentado-realize-a-prova-de-vida-ate-1201","status":"publish","type":"post","link":"http:\/\/www.asphan.org.br\/index.php\/atencao-aposentado-realize-a-prova-de-vida-ate-1201","title":{"rendered":"Aten\u00e7\u00e3o, aposentado: realize a prova de vida at\u00e9 12\/01"},"content":{"rendered":"<p>Prezados associados,<\/p>\n<p>Novamente a pedido do Departamento Pessoal do Iphan, lembramos os colegas aposentados que n\u00e3o realizaram a <strong>prova de vida 2020\/2021<\/strong> sobre a necessidade de faz\u00ea-la <em><strong>at\u00e9 12\/01<\/strong><\/em>. Como a folha de janeiro ser\u00e1 fechada em 13\/01, aqueles que n\u00e3o atualizaram o procedimento ter\u00e3o o pr\u00f3ximo pagamento cortado.<\/p>\n<p>Em caso de d\u00favidas, entre em contato com a Divis\u00e3o de Aposentadoria, Pens\u00e3o e Benef\u00edcios da Coordena\u00e7\u00e3o-Geral e Gest\u00e3o de Pessoas (Cogep) do Iphan.<\/p>\n<p>Atenciosamente,<br \/>\nDiretoria <strong>ASPHAN<\/strong><\/p>\n","protected":false},"excerpt":{"rendered":"<p>Prezados associados, Novamente a pedido do Departamento Pessoal do Iphan, lembramos os colegas aposentados que n\u00e3o realizaram a prova de vida 2020\/2021 sobre a necessidade de faz\u00ea-la at\u00e9 12\/01. Como a folha de janeiro ser\u00e1 fechada em 13\/01, aqueles que n\u00e3o atualizaram o procedimento ter\u00e3o o pr\u00f3ximo pagamento cortado. Em caso de d\u00favidas, entre em [&hellip;]<\/p>\n","protected":false},"author":3,"featured_media":0,"comment_status":"closed","ping_status":"closed","sticky":false,"template":"","format":"standard","meta":{"_bbp_topic_count":0,"_bbp_reply_count":0,"_bbp_total_topic_count":0,"_bbp_total_reply_count":0,"_bbp_voice_count":0,"_bbp_anonymous_reply_count":0,"_bbp_topic_count_hidden":0,"_bbp_reply_count_hidden":0,"_bbp_forum_subforum_count":0,"ngg_post_thumbnail":0,"_links_to":"","_links_to_target":""},"categories":[7,18],"tags":[],"_links":{"self":[{"href":"http:\/\/www.asphan.org.br\/index.php\/wp-json\/wp\/v2\/posts\/2281"}],"collection":[{"href":"http:\/\/www.asphan.org.br\/index.php\/wp-json\/wp\/v2\/posts"}],"about":[{"href":"http:\/\/www.asphan.org.br\/index.php\/wp-json\/wp\/v2\/types\/post"}],"author":[{"embeddable":true,"href":"http:\/\/www.asphan.org.br\/index.php\/wp-json\/wp\/v2\/users\/3"}],"replies":[{"embeddable":true,"href":"http:\/\/www.asphan.org.br\/index.php\/wp-json\/wp\/v2\/comments?post=2281"}],"version-history":[{"count":1,"href":"http:\/\/www.asphan.org.br\/index.php\/wp-json\/wp\/v2\/posts\/2281\/revisions"}],"predecessor-version":[{"id":2282,"href":"http:\/\/www.asphan.org.br\/index.php\/wp-json\/wp\/v2\/posts\/2281\/revisions\/2282"}],"wp:attachment":[{"href":"http:\/\/www.asphan.org.br\/index.php\/wp-json\/wp\/v2\/media?parent=2281"}],"wp:term":[{"taxonomy":"category","embeddable":true,"href":"http:\/\/www.asphan.org.br\/index.php\/wp-json\/wp\/v2\/categories?post=2281"},{"taxonomy":"post_tag","embeddable":true,"href":"http:\/\/www.asphan.org.br\/index.php\/wp-json\/wp\/v2\/tags?post=2281"}],"curies":[{"name":"wp","href":"https:\/\/api.w.org\/{rel}","templated":true}]}}