{"id":2359,"date":"2023-03-31T11:12:01","date_gmt":"2023-03-31T14:12:01","guid":{"rendered":"http:\/\/www.asphan.org.br\/index.php\/?p=2359"},"modified":"2023-03-31T11:12:01","modified_gmt":"2023-03-31T14:12:01","slug":"diretoria-da-asphan-realiza-reuniao-com-advogada-sobre-dissidio-de-89","status":"publish","type":"post","link":"http:\/\/www.asphan.org.br\/index.php\/diretoria-da-asphan-realiza-reuniao-com-advogada-sobre-dissidio-de-89","title":{"rendered":"Diretoria da Asphan realiza reuni\u00e3o com advogada sobre Diss\u00eddio de 89"},"content":{"rendered":"<p>Prezados colegas,<\/p>\n<p>No dia 28 de mar\u00e7o, acompanhado do vice-presidente da Associa\u00e7\u00e3o, Eliezer Nascimento, da diretora Lucineide Le\u00f4ncio e da ex-presidente Zulmira Pope, realizei uma reuni\u00e3o de monitoramento da a\u00e7\u00e3o do Diss\u00eddio 89 com a advogada respons\u00e1vel pelo processo, dra. Claudia Duranti. Aproveitando a necessidade de resolver quest\u00f5es administrativas, o encontro foi presencial, no escrit\u00f3rio de advocacia.<\/p>\n<p>Fomos informados que a expectativa \u00e9 de que a decis\u00e3o em segunda inst\u00e2ncia saia muito brevemente. T\u00e3o logo haja a senten\u00e7a, iremos comunicar os colegas e tomar as provid\u00eancias subsequentes requeridas para concluir a a\u00e7\u00e3o.<\/p>\n<p>Continuamos vigilantes e esperan\u00e7osos num bom desfecho para todos os servidores.<\/p>\n<p>Abra\u00e7o a todos,<br \/>\nLeonardo Barreto<br \/>\nPresidente da <strong>ASPHAN<\/strong><\/p>\n","protected":false},"excerpt":{"rendered":"<p>Prezados colegas, No dia 28 de mar\u00e7o, acompanhado do vice-presidente da Associa\u00e7\u00e3o, Eliezer Nascimento, da diretora Lucineide Le\u00f4ncio e da ex-presidente Zulmira Pope, realizei uma reuni\u00e3o de monitoramento da a\u00e7\u00e3o do Diss\u00eddio 89 com a advogada respons\u00e1vel pelo processo, dra. Claudia Duranti. Aproveitando a necessidade de resolver quest\u00f5es administrativas, o encontro foi presencial, no escrit\u00f3rio [&hellip;]<\/p>\n","protected":false},"author":3,"featured_media":0,"comment_status":"closed","ping_status":"closed","sticky":false,"template":"","format":"standard","meta":{"_bbp_topic_count":0,"_bbp_reply_count":0,"_bbp_total_topic_count":0,"_bbp_total_reply_count":0,"_bbp_voice_count":0,"_bbp_anonymous_reply_count":0,"_bbp_topic_count_hidden":0,"_bbp_reply_count_hidden":0,"_bbp_forum_subforum_count":0,"ngg_post_thumbnail":0,"_links_to":"","_links_to_target":""},"categories":[7,18],"tags":[],"_links":{"self":[{"href":"http:\/\/www.asphan.org.br\/index.php\/wp-json\/wp\/v2\/posts\/2359"}],"collection":[{"href":"http:\/\/www.asphan.org.br\/index.php\/wp-json\/wp\/v2\/posts"}],"about":[{"href":"http:\/\/www.asphan.org.br\/index.php\/wp-json\/wp\/v2\/types\/post"}],"author":[{"embeddable":true,"href":"http:\/\/www.asphan.org.br\/index.php\/wp-json\/wp\/v2\/users\/3"}],"replies":[{"embeddable":true,"href":"http:\/\/www.asphan.org.br\/index.php\/wp-json\/wp\/v2\/comments?post=2359"}],"version-history":[{"count":1,"href":"http:\/\/www.asphan.org.br\/index.php\/wp-json\/wp\/v2\/posts\/2359\/revisions"}],"predecessor-version":[{"id":2360,"href":"http:\/\/www.asphan.org.br\/index.php\/wp-json\/wp\/v2\/posts\/2359\/revisions\/2360"}],"wp:attachment":[{"href":"http:\/\/www.asphan.org.br\/index.php\/wp-json\/wp\/v2\/media?parent=2359"}],"wp:term":[{"taxonomy":"category","embeddable":true,"href":"http:\/\/www.asphan.org.br\/index.php\/wp-json\/wp\/v2\/categories?post=2359"},{"taxonomy":"post_tag","embeddable":true,"href":"http:\/\/www.asphan.org.br\/index.php\/wp-json\/wp\/v2\/tags?post=2359"}],"curies":[{"name":"wp","href":"https:\/\/api.w.org\/{rel}","templated":true}]}}