{"id":2366,"date":"2023-08-28T18:58:03","date_gmt":"2023-08-28T21:58:03","guid":{"rendered":"http:\/\/www.asphan.org.br\/index.php\/?p=2366"},"modified":"2023-08-28T19:00:58","modified_gmt":"2023-08-28T22:00:58","slug":"asphan-convida-colegas-para-dialogo","status":"publish","type":"post","link":"http:\/\/www.asphan.org.br\/index.php\/asphan-convida-colegas-para-dialogo","title":{"rendered":"Asphan convida colegas para di\u00e1logo"},"content":{"rendered":"<p>Caros colegas,<\/p>\n<p>A Diretoria da Asphan, por meio deste canal, informa que recebeu a carta aberta da Condsef aos Servidores da Cultura, dispon\u00edvel <a href=\"http:\/\/www.asphan.org.br\/wp-content\/uploads\/2023\/08\/Carta-Cultura-horas-2014.pdf\">neste link<\/a>, e ir\u00e1 se pronunciar ap\u00f3s di\u00e1logo com o quadro de associados.<\/p>\n<p>Representantes dos estados est\u00e3o sendo contatados para auxiliarem na constru\u00e7\u00e3o de uma resposta democr\u00e1tica. Os associados da Asphan est\u00e3o convidados a participar deste alinhamento de posi\u00e7\u00e3o pelos nossos canais oficiais e atrav\u00e9s de nossos dirigentes.<\/p>\n<p>Atenciosamente,<br \/>\nDiretoria Asphan<\/p>\n","protected":false},"excerpt":{"rendered":"<p>Caros colegas, A Diretoria da Asphan, por meio deste canal, informa que recebeu a carta aberta da Condsef aos Servidores da Cultura, dispon\u00edvel neste link, e ir\u00e1 se pronunciar ap\u00f3s di\u00e1logo com o quadro de associados. Representantes dos estados est\u00e3o sendo contatados para auxiliarem na constru\u00e7\u00e3o de uma resposta democr\u00e1tica. Os associados da Asphan est\u00e3o [&hellip;]<\/p>\n","protected":false},"author":3,"featured_media":0,"comment_status":"closed","ping_status":"closed","sticky":false,"template":"","format":"standard","meta":{"_bbp_topic_count":0,"_bbp_reply_count":0,"_bbp_total_topic_count":0,"_bbp_total_reply_count":0,"_bbp_voice_count":0,"_bbp_anonymous_reply_count":0,"_bbp_topic_count_hidden":0,"_bbp_reply_count_hidden":0,"_bbp_forum_subforum_count":0,"ngg_post_thumbnail":0,"_links_to":"","_links_to_target":""},"categories":[7,18],"tags":[],"_links":{"self":[{"href":"http:\/\/www.asphan.org.br\/index.php\/wp-json\/wp\/v2\/posts\/2366"}],"collection":[{"href":"http:\/\/www.asphan.org.br\/index.php\/wp-json\/wp\/v2\/posts"}],"about":[{"href":"http:\/\/www.asphan.org.br\/index.php\/wp-json\/wp\/v2\/types\/post"}],"author":[{"embeddable":true,"href":"http:\/\/www.asphan.org.br\/index.php\/wp-json\/wp\/v2\/users\/3"}],"replies":[{"embeddable":true,"href":"http:\/\/www.asphan.org.br\/index.php\/wp-json\/wp\/v2\/comments?post=2366"}],"version-history":[{"count":2,"href":"http:\/\/www.asphan.org.br\/index.php\/wp-json\/wp\/v2\/posts\/2366\/revisions"}],"predecessor-version":[{"id":2369,"href":"http:\/\/www.asphan.org.br\/index.php\/wp-json\/wp\/v2\/posts\/2366\/revisions\/2369"}],"wp:attachment":[{"href":"http:\/\/www.asphan.org.br\/index.php\/wp-json\/wp\/v2\/media?parent=2366"}],"wp:term":[{"taxonomy":"category","embeddable":true,"href":"http:\/\/www.asphan.org.br\/index.php\/wp-json\/wp\/v2\/categories?post=2366"},{"taxonomy":"post_tag","embeddable":true,"href":"http:\/\/www.asphan.org.br\/index.php\/wp-json\/wp\/v2\/tags?post=2366"}],"curies":[{"name":"wp","href":"https:\/\/api.w.org\/{rel}","templated":true}]}}