{"id":2417,"date":"2024-05-15T09:20:45","date_gmt":"2024-05-15T12:20:45","guid":{"rendered":"http:\/\/www.asphan.org.br\/index.php\/?p=2417"},"modified":"2024-05-15T09:20:45","modified_gmt":"2024-05-15T12:20:45","slug":"decisao-favoravel-sobre-a-incidencia-de-contribuicao-previdenciaria-em-ferias-e-licenca-gestante","status":"publish","type":"post","link":"http:\/\/www.asphan.org.br\/index.php\/decisao-favoravel-sobre-a-incidencia-de-contribuicao-previdenciaria-em-ferias-e-licenca-gestante","title":{"rendered":"Decis\u00e3o favor\u00e1vel sobre a incid\u00eancia de contribui\u00e7\u00e3o previdenci\u00e1ria em f\u00e9rias e licen\u00e7a gestante"},"content":{"rendered":"<p>Prezados colegas,<\/p>\n<p>A <strong>ASPHAN<\/strong> informa que o escrit\u00f3rio de advocacia Bento Muniz, contratado pela Associa\u00e7\u00e3o est\u00e1 acompanhando o Processo n.\u00ba 0024326-87.2013.4.01.3400, que discute a n\u00e3o incid\u00eancia de contribui\u00e7\u00e3o previdenci\u00e1ria sobre as f\u00e9rias gozadas, o respectivo ter\u00e7o constitucional e a licen\u00e7a gestante.<\/p>\n<p>O escrit\u00f3rio nos repassou que houve decis\u00e3o de primeira inst\u00e2ncia favor\u00e1vel ao grupo de servidores que faz parte do processo, afastando a referida incid\u00eancia tribut\u00e1ria.<\/p>\n<p>O recurso de apela\u00e7\u00e3o da Uni\u00e3o Federal foi desprovido e os embargos de declara\u00e7\u00e3o opostos em seguida foram rejeitados, com incid\u00eancia de multa de R$ 3 mil, a ser recolhida pela Uni\u00e3o ao final do processo.<\/p>\n<p>Por \u00faltimo, a Uni\u00e3o Federal interp\u00f4s recursos especial e extraordin\u00e1rio, que j\u00e1 foram contrarrazoados.<\/p>\n<p>Atualmente, os autos est\u00e3o na Vice-Presid\u00eancia do TRF1, para o ju\u00edzo de admissibilidade dos recursos especial e extraordin\u00e1rio interpostos pela Uni\u00e3o Federal. Ou seja, a Justi\u00e7a decidir\u00e1 se os recursos ser\u00e3o remetidos ou n\u00e3o para as inst\u00e2ncias superiores.<\/p>\n<p>Estamos monitorando o caso e, assim que poss\u00edvel, traremos not\u00edcias sobre a admissibilidade dos recursos.<\/p>\n<p>Atenciosamente,<br \/>\nDiretoria <strong>ASPHAN<\/strong><\/p>\n","protected":false},"excerpt":{"rendered":"<p>Prezados colegas, A ASPHAN informa que o escrit\u00f3rio de advocacia Bento Muniz, contratado pela Associa\u00e7\u00e3o est\u00e1 acompanhando o Processo n.\u00ba 0024326-87.2013.4.01.3400, que discute a n\u00e3o incid\u00eancia de contribui\u00e7\u00e3o previdenci\u00e1ria sobre as f\u00e9rias gozadas, o respectivo ter\u00e7o constitucional e a licen\u00e7a gestante. O escrit\u00f3rio nos repassou que houve decis\u00e3o de primeira inst\u00e2ncia favor\u00e1vel ao grupo de [&hellip;]<\/p>\n","protected":false},"author":3,"featured_media":0,"comment_status":"closed","ping_status":"closed","sticky":false,"template":"","format":"standard","meta":{"_bbp_topic_count":0,"_bbp_reply_count":0,"_bbp_total_topic_count":0,"_bbp_total_reply_count":0,"_bbp_voice_count":0,"_bbp_anonymous_reply_count":0,"_bbp_topic_count_hidden":0,"_bbp_reply_count_hidden":0,"_bbp_forum_subforum_count":0,"ngg_post_thumbnail":0,"_links_to":"","_links_to_target":""},"categories":[7,18],"tags":[],"_links":{"self":[{"href":"http:\/\/www.asphan.org.br\/index.php\/wp-json\/wp\/v2\/posts\/2417"}],"collection":[{"href":"http:\/\/www.asphan.org.br\/index.php\/wp-json\/wp\/v2\/posts"}],"about":[{"href":"http:\/\/www.asphan.org.br\/index.php\/wp-json\/wp\/v2\/types\/post"}],"author":[{"embeddable":true,"href":"http:\/\/www.asphan.org.br\/index.php\/wp-json\/wp\/v2\/users\/3"}],"replies":[{"embeddable":true,"href":"http:\/\/www.asphan.org.br\/index.php\/wp-json\/wp\/v2\/comments?post=2417"}],"version-history":[{"count":2,"href":"http:\/\/www.asphan.org.br\/index.php\/wp-json\/wp\/v2\/posts\/2417\/revisions"}],"predecessor-version":[{"id":2420,"href":"http:\/\/www.asphan.org.br\/index.php\/wp-json\/wp\/v2\/posts\/2417\/revisions\/2420"}],"wp:attachment":[{"href":"http:\/\/www.asphan.org.br\/index.php\/wp-json\/wp\/v2\/media?parent=2417"}],"wp:term":[{"taxonomy":"category","embeddable":true,"href":"http:\/\/www.asphan.org.br\/index.php\/wp-json\/wp\/v2\/categories?post=2417"},{"taxonomy":"post_tag","embeddable":true,"href":"http:\/\/www.asphan.org.br\/index.php\/wp-json\/wp\/v2\/tags?post=2417"}],"curies":[{"name":"wp","href":"https:\/\/api.w.org\/{rel}","templated":true}]}}