{"id":2465,"date":"2025-02-11T08:25:32","date_gmt":"2025-02-11T11:25:32","guid":{"rendered":"http:\/\/www.asphan.org.br\/index.php\/?p=2465"},"modified":"2025-02-11T08:25:32","modified_gmt":"2025-02-11T11:25:32","slug":"nota-sobre-o-lamentavel-ocorrido-na-igreja-de-sao-francisco-em-salvador","status":"publish","type":"post","link":"http:\/\/www.asphan.org.br\/index.php\/nota-sobre-o-lamentavel-ocorrido-na-igreja-de-sao-francisco-em-salvador","title":{"rendered":"Nota sobre o lament\u00e1vel ocorrido na Igreja de S\u00e3o Francisco em Salvador"},"content":{"rendered":"<p>Triste e constrangedor. O lament\u00e1vel ocorrido na Igreja de S\u00e3o Francisco pode ser assim definido. Triste pela perda de uma vida e pelo ferimento causado a v\u00e1rias pessoas, bem como pelo sofrimento imposto aos seus familiares. Constrangedor pelo fato de a Uni\u00e3o, o Governo da Bahia, o munic\u00edpio de Salvador e os propriet\u00e1rios da edifica\u00e7\u00e3o, no caso a Igreja Cat\u00f3lica e, mais especificamente, a Arquidiocese de S\u00e3o Salvador da Bahia, n\u00e3o terem garantido a essas pessoas o direito ao usufruto de um bem cultural da magnitude da Igreja de S\u00e3o Francisco.<\/p>\n<p>Por parte governamental, v\u00e1rios artigos da nossa Constitui\u00e7\u00e3o n\u00e3o foram assegurados e, pelo propriet\u00e1rio, al\u00e9m do \u00f3bvio acesso aos fi\u00e9is, o direito do consumidor. Sim, consumidor, afinal aquelas pessoas pagaram para adentrar o espa\u00e7o religioso, que, ao ser cobrado, deixa de ser somente um local de culto para se tornar tamb\u00e9m um local de explora\u00e7\u00e3o comercial. L\u00edcita, diga-se de passagem. O turismo deve ser fonte de renda e, cada vez mais, garante o sustento de um n\u00famero significativo de fam\u00edlias. Por\u00e9m, essa atividade implica responsabilidades que, no caso dos bens culturais de propriedade da Igreja, insistem em ser olvidadas.<\/p>\n<p>Antes de prosseguir, gostar\u00edamos, em nome de todos os associados da <strong>ASPHAN<\/strong>, profissionais dedicados (aposentados e na ativa), que empenharam e empenham suas vidas na preserva\u00e7\u00e3o de nossa heran\u00e7a cultural, de externar nosso mais profundo pesar pela perda da jovem vida e pela dor causada a v\u00e1rias fam\u00edlias.<\/p>\n<p>Como este espa\u00e7o \u00e9 especialmente voltado aos profissionais da \u00e1rea, cremos ser desperd\u00edcio de tempo e energia nos dedicarmos \u00e0s notas e manifesta\u00e7\u00f5es oficiais, que s\u00e3o claramente autoexplicativas!<\/p>\n<p>Gostar\u00edamos de ponderar, contudo, com os colegas que, fugindo das an\u00e1lises superficiais, toscas e do vergonhoso jogo de empurra de responsabilidades, \u00e9 oportuna uma profunda reflex\u00e3o sobre nossa trajet\u00f3ria institucional. Apesar de nossos insanos esfor\u00e7os, vimos, ao longo do tempo, a tempestade sendo formada. Decorrente da ocupa\u00e7\u00e3o de cargos por pessoas sem trajet\u00f3ria na \u00e1rea e sem expertise m\u00ednima; da desvaloriza\u00e7\u00e3o descarada e desavergonhada da carreira, que conta com profissionais de extrema compet\u00eancia e conhecimento \u00edmpar; do enxugamento no n\u00famero de servidores, que nos levou \u00e0 beira da extin\u00e7\u00e3o por in\u00fameras vezes; da aus\u00eancia de treinamento adequado aos que adentram a institui\u00e7\u00e3o; da falta de condi\u00e7\u00f5es materiais e de seguran\u00e7a para o exerc\u00edcio da profiss\u00e3o e, mais recentemente, da perda, por parte de alguns colegas, da compreens\u00e3o de que somos (apesar de n\u00e3o reconhecidos como tal) uma atividade de Estado, portanto, acima de partidarismos rasteiros, e onde deve imperar, de modo indiscut\u00edvel, a t\u00e9cnica, e n\u00e3o paix\u00f5es pol\u00edticas, independente de sua colora\u00e7\u00e3o. Tal qual nos sinistros a\u00e9reos, as causas para uma falha fatal s\u00e3o muitas. Citei, no caso do Iphan, apenas algumas e, por \u00f3bvio, aquelas que nos dizem respeito. A interface com a sociedade ainda agrega in\u00fameros problemas.<\/p>\n<p>Enfim, tristeza profunda pelo ocorrido, que sabemos poder se repetir, pelo quadro de descaso que se mant\u00e9m com o patrim\u00f4nio cultural, pela aus\u00eancia de perspectivas s\u00e9rias de revers\u00e3o do atual cen\u00e1rio, pelo definhar do nosso querido Iphan, que tantos servi\u00e7os relevantes prestou \u00e0 na\u00e7\u00e3o.<\/p>\n<p>&nbsp;<\/p>\n<p>Atenciosamente,&nbsp;<\/p>\n<p>Diretoria <strong>ASPHAN<\/strong><\/p>\n","protected":false},"excerpt":{"rendered":"<p>Triste e constrangedor. O lament\u00e1vel ocorrido na Igreja de S\u00e3o Francisco pode ser assim definido. Triste pela perda de uma vida e pelo ferimento causado a v\u00e1rias pessoas, bem como pelo sofrimento imposto aos seus familiares. Constrangedor pelo fato de a Uni\u00e3o, o Governo da Bahia, o munic\u00edpio de Salvador e os propriet\u00e1rios da edifica\u00e7\u00e3o, [&hellip;]<\/p>\n","protected":false},"author":3,"featured_media":0,"comment_status":"closed","ping_status":"closed","sticky":false,"template":"","format":"standard","meta":{"_bbp_topic_count":0,"_bbp_reply_count":0,"_bbp_total_topic_count":0,"_bbp_total_reply_count":0,"_bbp_voice_count":0,"_bbp_anonymous_reply_count":0,"_bbp_topic_count_hidden":0,"_bbp_reply_count_hidden":0,"_bbp_forum_subforum_count":0,"ngg_post_thumbnail":0,"_links_to":"","_links_to_target":""},"categories":[7,18],"tags":[],"_links":{"self":[{"href":"http:\/\/www.asphan.org.br\/index.php\/wp-json\/wp\/v2\/posts\/2465"}],"collection":[{"href":"http:\/\/www.asphan.org.br\/index.php\/wp-json\/wp\/v2\/posts"}],"about":[{"href":"http:\/\/www.asphan.org.br\/index.php\/wp-json\/wp\/v2\/types\/post"}],"author":[{"embeddable":true,"href":"http:\/\/www.asphan.org.br\/index.php\/wp-json\/wp\/v2\/users\/3"}],"replies":[{"embeddable":true,"href":"http:\/\/www.asphan.org.br\/index.php\/wp-json\/wp\/v2\/comments?post=2465"}],"version-history":[{"count":1,"href":"http:\/\/www.asphan.org.br\/index.php\/wp-json\/wp\/v2\/posts\/2465\/revisions"}],"predecessor-version":[{"id":2466,"href":"http:\/\/www.asphan.org.br\/index.php\/wp-json\/wp\/v2\/posts\/2465\/revisions\/2466"}],"wp:attachment":[{"href":"http:\/\/www.asphan.org.br\/index.php\/wp-json\/wp\/v2\/media?parent=2465"}],"wp:term":[{"taxonomy":"category","embeddable":true,"href":"http:\/\/www.asphan.org.br\/index.php\/wp-json\/wp\/v2\/categories?post=2465"},{"taxonomy":"post_tag","embeddable":true,"href":"http:\/\/www.asphan.org.br\/index.php\/wp-json\/wp\/v2\/tags?post=2465"}],"curies":[{"name":"wp","href":"https:\/\/api.w.org\/{rel}","templated":true}]}}