{"id":2468,"date":"2025-05-08T16:37:49","date_gmt":"2025-05-08T19:37:49","guid":{"rendered":"http:\/\/www.asphan.org.br\/index.php\/?p=2468"},"modified":"2025-05-08T16:37:49","modified_gmt":"2025-05-08T19:37:49","slug":"e-greve-porque-e-grave-asphan-apoia-o-movimento-grevista-da-cultura","status":"publish","type":"post","link":"http:\/\/www.asphan.org.br\/index.php\/e-greve-porque-e-grave-asphan-apoia-o-movimento-grevista-da-cultura","title":{"rendered":"&#8220;\u00c9 greve porque \u00e9 grave&#8221;: Asphan apoia o movimento grevista da Cultura"},"content":{"rendered":"<p><span style=\"font-weight: 400;\">Prezados Colegas,<\/span><\/p>\n<p><span style=\"font-weight: 400;\">A Dire\u00e7\u00e3o da <\/span><b>ASPHAN<\/b><span style=\"font-weight: 400;\"> vem acompanhando com aten\u00e7\u00e3o o desenrolar do movimento de greve na Cultura, em especial, em rela\u00e7\u00e3o ao Iphan e ao Ibram, institutos a que pertencem ou pertenceram (no caso dos aposentados) nossos associados. Buscamos apoiar aqueles representantes da <\/span><b>ASPHAN<\/b><span style=\"font-weight: 400;\"> que nos procuraram e continuaremos a dar o suporte que estiver ao nosso alcance, para garantir a continuidade do movimento, at\u00e9 a obten\u00e7\u00e3o de um acordo que atenda ao nosso antigo anseio de um Plano de Carreira.<\/span><\/p>\n<p><span style=\"font-weight: 400;\">De fato, a exposi\u00e7\u00e3o p\u00fablica com a informa\u00e7\u00e3o de que, h\u00e1 VINTE ANOS, lutamos por um Plano de Carreira \u00e9 impactante e contribui para o constrangimento das autoridades, pelo evidente descaso com o conjunto de servidores da Cultura por seguidos governos. Outro mote do movimento que tem sido usado, \u201c\u00c9 GREVE PORQUE \u00c9 GRAVE\u201d, \u00e9 outra afirmativa absolutamente verdadeira.&nbsp;<\/span><\/p>\n<p><span style=\"font-weight: 400;\">Constatamos com tristeza que, a cada m\u00eas, mais e mais servidores, sequer t\u00eam recursos para pagar um Plano de Sa\u00fade. Ademais, o alt\u00edssimo n\u00famero de colegas que tem que recorrer ao empr\u00e9stimo consignado, n\u00e3o para buscar a aquisi\u00e7\u00e3o de algum bem, ou devido a emerg\u00eancias de sa\u00fade ou familiares, mas t\u00e3o somente para conseguir pagar in\u00fameras d\u00edvidas financeiras decorrentes de sal\u00e1rios que n\u00e3o garantem a sua subsist\u00eancia m\u00ednima. Isso sem falar da grande evas\u00e3o de servidores, desencantados n\u00e3o com o objeto de trabalho, mas com as condi\u00e7\u00f5es salariais e de trabalho.&nbsp;<\/span><\/p>\n<p><span style=\"font-weight: 400;\">Sim, a situa\u00e7\u00e3o \u00e9 muito grave do ponto de vista salarial e agrava-se a cada negocia\u00e7\u00e3o por reajustes, com a pol\u00edtica velada do MGI de aumentar a disparidade entre categorias de trabalhadores p\u00fablicos, num movimento em sentido completamente oposto ao discurso pol\u00edtico-midi\u00e1tico.&nbsp;<\/span><\/p>\n<p><span style=\"font-weight: 400;\">A situa\u00e7\u00e3o \u00e9 grave, tanto do ponto de vista pessoal dos servidores que n\u00e3o conseguem sobreviver com a remunera\u00e7\u00e3o que recebem, como da perspectiva institucional, no tocante ao cumprimento efetivo de sua miss\u00e3o.&nbsp;<\/span><\/p>\n<p><span style=\"font-weight: 400;\">Esperamos que as negocia\u00e7\u00f5es ocorram n\u00e3o olvidando os aposentados, que foram o esteio desta institui\u00e7\u00e3o em momentos importantes de sua jornada, respeitando os direitos adquiridos por estes servidores.&nbsp;<\/span><\/p>\n<p><span style=\"font-weight: 400;\">Urge a interrup\u00e7\u00e3o de uma mal\u00e9fica pol\u00edtica salarial baseada em melhorias de benef\u00edcios perif\u00e9ricos em detrimento da recomposi\u00e7\u00e3o das remunera\u00e7\u00f5es, de maneira justa e abrangente.&nbsp;<\/span><\/p>\n<p><span style=\"font-weight: 400;\">Lamentavelmente, se este movimento n\u00e3o vingar em seu pleito, o pr\u00f3ximo mote a ser adotado, ser\u00e1 n\u00e3o uma greve de fome, mas uma GREVE PORQUE PASSAMOS FOME.<\/span><\/p>\n<p><span style=\"font-weight: 400;\">Sauda\u00e7\u00f5es,<br \/>\n<\/span><span style=\"font-weight: 400;\">Leonardo Barreto&nbsp;<br \/>\n<\/span><span style=\"font-weight: 400;\">Presid\u00eancia <\/span><b>ASPHAN<\/b><\/p>\n","protected":false},"excerpt":{"rendered":"<p>Prezados Colegas, A Dire\u00e7\u00e3o da ASPHAN vem acompanhando com aten\u00e7\u00e3o o desenrolar do movimento de greve na Cultura, em especial, em rela\u00e7\u00e3o ao Iphan e ao Ibram, institutos a que pertencem ou pertenceram (no caso dos aposentados) nossos associados. Buscamos apoiar aqueles representantes da ASPHAN que nos procuraram e continuaremos a dar o suporte que [&hellip;]<\/p>\n","protected":false},"author":3,"featured_media":0,"comment_status":"closed","ping_status":"closed","sticky":false,"template":"","format":"standard","meta":{"_bbp_topic_count":0,"_bbp_reply_count":0,"_bbp_total_topic_count":0,"_bbp_total_reply_count":0,"_bbp_voice_count":0,"_bbp_anonymous_reply_count":0,"_bbp_topic_count_hidden":0,"_bbp_reply_count_hidden":0,"_bbp_forum_subforum_count":0,"ngg_post_thumbnail":0,"_links_to":"","_links_to_target":""},"categories":[7,18],"tags":[],"_links":{"self":[{"href":"http:\/\/www.asphan.org.br\/index.php\/wp-json\/wp\/v2\/posts\/2468"}],"collection":[{"href":"http:\/\/www.asphan.org.br\/index.php\/wp-json\/wp\/v2\/posts"}],"about":[{"href":"http:\/\/www.asphan.org.br\/index.php\/wp-json\/wp\/v2\/types\/post"}],"author":[{"embeddable":true,"href":"http:\/\/www.asphan.org.br\/index.php\/wp-json\/wp\/v2\/users\/3"}],"replies":[{"embeddable":true,"href":"http:\/\/www.asphan.org.br\/index.php\/wp-json\/wp\/v2\/comments?post=2468"}],"version-history":[{"count":1,"href":"http:\/\/www.asphan.org.br\/index.php\/wp-json\/wp\/v2\/posts\/2468\/revisions"}],"predecessor-version":[{"id":2469,"href":"http:\/\/www.asphan.org.br\/index.php\/wp-json\/wp\/v2\/posts\/2468\/revisions\/2469"}],"wp:attachment":[{"href":"http:\/\/www.asphan.org.br\/index.php\/wp-json\/wp\/v2\/media?parent=2468"}],"wp:term":[{"taxonomy":"category","embeddable":true,"href":"http:\/\/www.asphan.org.br\/index.php\/wp-json\/wp\/v2\/categories?post=2468"},{"taxonomy":"post_tag","embeddable":true,"href":"http:\/\/www.asphan.org.br\/index.php\/wp-json\/wp\/v2\/tags?post=2468"}],"curies":[{"name":"wp","href":"https:\/\/api.w.org\/{rel}","templated":true}]}}