{"id":2474,"date":"2025-10-06T09:30:31","date_gmt":"2025-10-06T12:30:31","guid":{"rendered":"http:\/\/www.asphan.org.br\/index.php\/?p=2474"},"modified":"2025-10-06T09:30:31","modified_gmt":"2025-10-06T12:30:31","slug":"mandato-da-asphan-e-prorrogado-em-funcao-do-processo-do-dissidio-de-89","status":"publish","type":"post","link":"http:\/\/www.asphan.org.br\/index.php\/mandato-da-asphan-e-prorrogado-em-funcao-do-processo-do-dissidio-de-89","title":{"rendered":"Mandato da Asphan \u00e9 prorrogado em fun\u00e7\u00e3o do processo do Diss\u00eddio de 89"},"content":{"rendered":"<p><span style=\"font-weight: 400;\">Prezados colegas,<\/span><\/p>\n<p><span style=\"font-weight: 400;\">H\u00e1 quase um m\u00eas, encaminhamos o documento que reproduzimos abaixo aos representantes da <\/span><b>ASPHAN<\/b><span style=\"font-weight: 400;\"> nos Estados, ou a colegas que t\u00eam colaborado conosco na divulga\u00e7\u00e3o de nossos informes e tamb\u00e9m na coleta de informa\u00e7\u00f5es pertinentes aos servidores que integram a a\u00e7\u00e3o do Diss\u00eddio. Tivemos retorno muito positivo em rela\u00e7\u00e3o ao exposto no texto por parte de todos aqueles com quem pudemos contatar, e at\u00e9 mesmo de familiares de servidores j\u00e1 falecidos que integram a referida a\u00e7\u00e3o.<\/span><\/p>\n<p><span style=\"font-weight: 400;\">Fizemos consulta tamb\u00e9m a colegas da unidade de Pernambuco, por interm\u00e9dio da diretora Fernanda Gusm\u00e3o. Concentramos nossas consultas, em particular, nos Estados que ainda n\u00e3o foram contemplados, os quais muito contribu\u00edram para que parte majorit\u00e1ria dos servidores da cidade do Rio de Janeiro viesse a receber em 2019.<\/span><\/p>\n<p><span style=\"font-weight: 400;\">Agradecemos a confian\u00e7a e renovamos nosso compromisso de continuar lutando para que todos os que integram a a\u00e7\u00e3o venham a receber os valores que lhes s\u00e3o devidos.<\/span><\/p>\n<p><span style=\"font-weight: 400;\">Importante, igualmente, agradecer a todos os colegas que nos auxiliaram na coleta de informa\u00e7\u00f5es necess\u00e1rias ao in\u00edcio da fase de execu\u00e7\u00e3o, ap\u00f3s decis\u00e3o do TST. Esclarecemos que obtivemos sucesso, tendo sido conseguidos todos os dados necess\u00e1rios. Assim que tivermos maiores informa\u00e7\u00f5es sobre o processo, repassaremos por meio deste canal.<\/span><\/p>\n<p><span style=\"font-weight: 400;\">Atenciosamente,<\/span><span style=\"font-weight: 400;\"><br \/>\n<\/span><span style=\"font-weight: 400;\">A Diretoria<\/span><\/p>\n<p>&nbsp;<\/p>\n<p><b>NOMES DOS COLEGAS QUE ASSINARAM O DOCUMENTO<\/b><\/p>\n<p><span style=\"font-weight: 400;\">Aristides Lima de Oliveira<\/span> <span style=\"font-weight: 400;\">BSB<\/span><\/p>\n<p><span style=\"font-weight: 400;\">Luiz Fernando Oliveira Abreu<\/span> <span style=\"font-weight: 400;\">BSB<\/span><\/p>\n<p><span style=\"font-weight: 400;\">Rosinei Batista Arruda<\/span> <span style=\"font-weight: 400;\">BSB<\/span><\/p>\n<p><span style=\"font-weight: 400;\">In\u00eas Trajano de Faria<\/span> <span style=\"font-weight: 400;\">MG<\/span><\/p>\n<p><span style=\"font-weight: 400;\">Jairo Braga Machado<\/span> <span style=\"font-weight: 400;\">MG<\/span><\/p>\n<p><span style=\"font-weight: 400;\">Jos\u00e9 Tadeu de Rezende<\/span> <span style=\"font-weight: 400;\">MG<\/span><\/p>\n<p><span style=\"font-weight: 400;\">Paulo Elias Lopes<\/span> <span style=\"font-weight: 400;\">MG<\/span><\/p>\n<p><span style=\"font-weight: 400;\">Ronney Leite Brito<\/span> <span style=\"font-weight: 400;\">MG<\/span><\/p>\n<p><span style=\"font-weight: 400;\">C\u00e1ssio Vinicius Sales<\/span> <span style=\"font-weight: 400;\">MG<\/span><\/p>\n<p><span style=\"font-weight: 400;\">Monica Elisque do Carmo<\/span> <span style=\"font-weight: 400;\">MG<\/span><\/p>\n<p><span style=\"font-weight: 400;\">Jos\u00e9 Neves Bittencourt<\/span> <span style=\"font-weight: 400;\">MG<\/span><\/p>\n<p><span style=\"font-weight: 400;\">Ricardo Pimenta<\/span> <span style=\"font-weight: 400;\">MG<\/span><\/p>\n<p><span style=\"font-weight: 400;\">Henrique Espirito Santos<\/span> <span style=\"font-weight: 400;\">MG<\/span><\/p>\n<p><span style=\"font-weight: 400;\">Maria das Dores Freire<\/span> <span style=\"font-weight: 400;\">MG<\/span><\/p>\n<p><span style=\"font-weight: 400;\">Fl\u00e1vio Campos Grillo<\/span> <span style=\"font-weight: 400;\">MG<\/span><\/p>\n<p><span style=\"font-weight: 400;\">Francisco Guadalupe Neves<\/span> <span style=\"font-weight: 400;\">MG<\/span><\/p>\n<p><span style=\"font-weight: 400;\">Jos\u00e9 Eduardo Guimar\u00e3es Beggiato<\/span> <span style=\"font-weight: 400;\">MG<\/span><\/p>\n<p><span style=\"font-weight: 400;\">Livia Romanelli D\u2019 Assunp\u00e7\u00e3o<\/span> <span style=\"font-weight: 400;\">MG<\/span><\/p>\n<p><span style=\"font-weight: 400;\">Ronaldo do Espirito Santo Faria<\/span> <span style=\"font-weight: 400;\">MG<\/span><\/p>\n<p><span style=\"font-weight: 400;\">Wald\u00ea de Macedo<\/span> <span style=\"font-weight: 400;\">MG<\/span><\/p>\n<p><span style=\"font-weight: 400;\">Roberto C\u00e9sar da Costa<\/span> <span style=\"font-weight: 400;\">MG<\/span><\/p>\n<p><span style=\"font-weight: 400;\">Jorge Matias Pires<\/span> <span style=\"font-weight: 400;\">MG<\/span><\/p>\n<p><span style=\"font-weight: 400;\">Ronaldo da Cunha Ruiz<\/span> <span style=\"font-weight: 400;\">SP<\/span><\/p>\n<p><span style=\"font-weight: 400;\">Ricardo Augusto dos Santos Reis<\/span> <span style=\"font-weight: 400;\">SP<\/span><\/p>\n<p><span style=\"font-weight: 400;\">Maria Helena de Paula<\/span> <span style=\"font-weight: 400;\">SP<\/span><\/p>\n<p><span style=\"font-weight: 400;\">Rosemeire Castanha Jorge<\/span> <span style=\"font-weight: 400;\">SP<\/span><\/p>\n<p><span style=\"font-weight: 400;\">Francisca Azevedo Mota<\/span> <span style=\"font-weight: 400;\">CE<\/span><\/p>\n<p><span style=\"font-weight: 400;\">K\u00e1tia Santos Bogea<\/span> <span style=\"font-weight: 400;\">MA<\/span><\/p>\n<p><span style=\"font-weight: 400;\">Antonio Abreu Filho<\/span> <span style=\"font-weight: 400;\">MA<\/span><\/p>\n<p><span style=\"font-weight: 400;\">Maria do Socorro Targino<\/span> <span style=\"font-weight: 400;\">BA<\/span><\/p>\n<p><span style=\"font-weight: 400;\">Rita Maria Sacramento<\/span> <span style=\"font-weight: 400;\">BA<\/span><\/p>\n<p><span style=\"font-weight: 400;\">Maria Rosa Andrade<\/span> <span style=\"font-weight: 400;\">BA<\/span><\/p>\n<p><span style=\"font-weight: 400;\">Edson Miranda Borges<\/span> <span style=\"font-weight: 400;\">BA<\/span><\/p>\n<p><span style=\"font-weight: 400;\">Francisco de Assis Salgado Santana<\/span> <span style=\"font-weight: 400;\">BA<\/span><\/p>\n<p><span style=\"font-weight: 400;\">Vera Lucia Rebou\u00e7as Lyra<\/span> <span style=\"font-weight: 400;\">BA<\/span><\/p>\n<p><span style=\"font-weight: 400;\">M\u00e1rio Mendon\u00e7a de Oliveira<\/span> <span style=\"font-weight: 400;\">BA<\/span><\/p>\n<p><span style=\"font-weight: 400;\">Maria Zenaide de Ara\u00fajo<\/span> <span style=\"font-weight: 400;\">BA<\/span><\/p>\n<p><span style=\"font-weight: 400;\">Maria Jos\u00e9 Ribeiro<\/span> <span style=\"font-weight: 400;\">BA<\/span><\/p>\n<p><span style=\"font-weight: 400;\">Carla Berenice Starline de Almeida<\/span> <span style=\"font-weight: 400;\">MG<\/span><\/p>\n<p><span style=\"font-weight: 400;\">Angelo Zacarias Lanza<\/span> <span style=\"font-weight: 400;\">MG<\/span><\/p>\n<p><span style=\"font-weight: 400;\">Jurandir dos Santos Oliveira<\/span> <span style=\"font-weight: 400;\">MG<\/span><\/p>\n<p><span style=\"font-weight: 400;\">Jos\u00e9 Arcanjo dos Santos Bouzas<\/span> <span style=\"font-weight: 400;\">MG<\/span><\/p>\n<p><span style=\"font-weight: 400;\">Pedro Paulo da Cruz Rocha<\/span> <span style=\"font-weight: 400;\">MA<\/span><\/p>\n<p><span style=\"font-weight: 400;\">Jos\u00e9 Ribamar Santos Linhares<\/span> <span style=\"font-weight: 400;\">MA<\/span><\/p>\n<p><span style=\"font-weight: 400;\">Ivan Celso Sarney Costa<\/span> <span style=\"font-weight: 400;\">MA<\/span><\/p>\n<p><span style=\"font-weight: 400;\">Jos\u00e9 Barbosa Ramos<\/span> <span style=\"font-weight: 400;\">MA<\/span><\/p>\n<p><span style=\"font-weight: 400;\">Messias Cutrim Veloso<\/span> <span style=\"font-weight: 400;\">MA<\/span><\/p>\n<p><span style=\"font-weight: 400;\">Paulo Sim\u00f5es de Almeida Pina<\/span> <span style=\"font-weight: 400;\">SP<\/span><\/p>\n<p><span style=\"font-weight: 400;\">Monica In\u00eas Aliseris Garcia<\/span> <span style=\"font-weight: 400;\">SP<\/span><\/p>\n<p><span style=\"font-weight: 400;\">Pierina Camargo <\/span> <span style=\"font-weight: 400;\">SP<\/span><\/p>\n<p><span style=\"font-weight: 400;\">Valquiria Cestrem<\/span> <span style=\"font-weight: 400;\">SP<\/span><\/p>\n<p>&nbsp;<\/p>\n<p><b>DOCUMENTO DE PRORROGA\u00c7\u00c3O DE MANDATO 2025<\/b><\/p>\n<p><span style=\"font-weight: 400;\">A dire\u00e7\u00e3o da <\/span><b>ASPHAN<\/b><span style=\"font-weight: 400;\">, composta por Leonardo Barreto de Oliveira, Elieser Nascimento, Lucineide Le\u00f4ncio da Silva e Fernanda Maria Buarque de Gusm\u00e3o, juntamente com o Conselho Fiscal, tem se dedicado, nos \u00faltimos anos em que esteve \u00e0 frente da associa\u00e7\u00e3o, sobretudo, a garantir o recebimento, pelos servidores e seus herdeiros, dos valores relativos ao diss\u00eddio coletivo de 1989.<\/span><\/p>\n<p><span style=\"font-weight: 400;\">No ano de 2019, finalmente, o primeiro grupo de 620 pessoas p\u00f4de receber os valores devidos, correspondendo ao conjunto de servidores n\u00e3o falecidos e n\u00e3o impugnados, lotados na cidade do Rio de Janeiro. Essa vit\u00f3ria somente foi poss\u00edvel ap\u00f3s a decis\u00e3o dos colegas dos outros estados da Uni\u00e3o, que estavam naquele momento impugnados, de confiarem na estrat\u00e9gia da<\/span><b> ASPHAN<\/b><span style=\"font-weight: 400;\">, que consistia em assegurar, primeiramente, o recebimento pelos colegas do Rio que estavam sem impedimentos no processo. Dessa maneira, estabeleceu-se precedente quanto ao reconhecimento da d\u00edvida pela Uni\u00e3o, quebrando impasse processual que se arrastava por d\u00e9cadas.<\/span><\/p>\n<p><span style=\"font-weight: 400;\">Em recente decis\u00e3o do Tribunal Superior do Trabalho, foi reconhecido o direito do restante dos participantes da a\u00e7\u00e3o. Com isso, nos encontramos na fase de execu\u00e7\u00e3o do processo, que demanda aten\u00e7\u00e3o para se evitar novas procrastina\u00e7\u00f5es, bem como requer conhecimento aprofundado das diversas situa\u00e7\u00f5es existentes em um processo absurdamente longo. Deve-se, contudo, destacar que um dos fatores complicadores decorre do fato de o processo abarcar n\u00famero muito grande de pessoas, com situa\u00e7\u00f5es processuais distintas.<\/span><\/p>\n<p><span style=\"font-weight: 400;\">Com a inestim\u00e1vel ajuda de colegas pertencentes ao Conselho Fiscal, como a ex-presidente Zulmira Can\u00e1rio, conseguimos reunir e manter, nesse grupo, a mem\u00f3ria do processo, o que facilita significativamente os trabalhos.<\/span><\/p>\n<p><span style=\"font-weight: 400;\">Ao nos aproximarmos de um novo per\u00edodo eleitoral, essa gest\u00e3o foi instada a permanecer, para n\u00e3o comprometer, neste momento, o bom andamento dos trabalhos. De fato, entendemos que temos um compromisso, em especial com os colegas dos demais estados e com aqueles lotados no Rio de Janeiro, que se encontravam impugnados em 2019, em permanecer at\u00e9 a conclus\u00e3o desta etapa, em retribui\u00e7\u00e3o \u00e0 confian\u00e7a que nos foi depositada por esses colegas.<\/span><\/p>\n<p><span style=\"font-weight: 400;\">Estamos focados na a\u00e7\u00e3o do diss\u00eddio, e um processo eleitoral exigiria disp\u00eandio de tempo e energia, al\u00e9m de recursos financeiros que podem ser necess\u00e1rios ao pagamento do perito cont\u00e1bil respons\u00e1vel pela atualiza\u00e7\u00e3o dos c\u00e1lculos.<\/span><\/p>\n<p><span style=\"font-weight: 400;\">Isso posto, nos dispomos a continuar por mais um mandato, caso os colegas julguem necess\u00e1rio. Entretanto, entendemos pertinente que haja uma demonstra\u00e7\u00e3o efetiva dos nossos quadros atuais e daqueles que s\u00e3o integrantes da a\u00e7\u00e3o do diss\u00eddio coletivo de 1989, por meio de assinatura de concord\u00e2ncia neste documento, que submetemos \u00e0 aprecia\u00e7\u00e3o dos associados e integrantes da a\u00e7\u00e3o em tela.<\/span><\/p>\n<p><span style=\"font-weight: 400;\">Externamos nossa gratid\u00e3o pela confian\u00e7a que sempre nos foi depositada.<\/span><\/p>\n","protected":false},"excerpt":{"rendered":"<p>Prezados colegas, H\u00e1 quase um m\u00eas, encaminhamos o documento que reproduzimos abaixo aos representantes da ASPHAN nos Estados, ou a colegas que t\u00eam colaborado conosco na divulga\u00e7\u00e3o de nossos informes e tamb\u00e9m na coleta de informa\u00e7\u00f5es pertinentes aos servidores que integram a a\u00e7\u00e3o do Diss\u00eddio. Tivemos retorno muito positivo em rela\u00e7\u00e3o ao exposto no texto [&hellip;]<\/p>\n","protected":false},"author":3,"featured_media":0,"comment_status":"closed","ping_status":"closed","sticky":false,"template":"","format":"standard","meta":{"_bbp_topic_count":0,"_bbp_reply_count":0,"_bbp_total_topic_count":0,"_bbp_total_reply_count":0,"_bbp_voice_count":0,"_bbp_anonymous_reply_count":0,"_bbp_topic_count_hidden":0,"_bbp_reply_count_hidden":0,"_bbp_forum_subforum_count":0,"ngg_post_thumbnail":0,"_links_to":"","_links_to_target":""},"categories":[7,18],"tags":[],"_links":{"self":[{"href":"http:\/\/www.asphan.org.br\/index.php\/wp-json\/wp\/v2\/posts\/2474"}],"collection":[{"href":"http:\/\/www.asphan.org.br\/index.php\/wp-json\/wp\/v2\/posts"}],"about":[{"href":"http:\/\/www.asphan.org.br\/index.php\/wp-json\/wp\/v2\/types\/post"}],"author":[{"embeddable":true,"href":"http:\/\/www.asphan.org.br\/index.php\/wp-json\/wp\/v2\/users\/3"}],"replies":[{"embeddable":true,"href":"http:\/\/www.asphan.org.br\/index.php\/wp-json\/wp\/v2\/comments?post=2474"}],"version-history":[{"count":1,"href":"http:\/\/www.asphan.org.br\/index.php\/wp-json\/wp\/v2\/posts\/2474\/revisions"}],"predecessor-version":[{"id":2475,"href":"http:\/\/www.asphan.org.br\/index.php\/wp-json\/wp\/v2\/posts\/2474\/revisions\/2475"}],"wp:attachment":[{"href":"http:\/\/www.asphan.org.br\/index.php\/wp-json\/wp\/v2\/media?parent=2474"}],"wp:term":[{"taxonomy":"category","embeddable":true,"href":"http:\/\/www.asphan.org.br\/index.php\/wp-json\/wp\/v2\/categories?post=2474"},{"taxonomy":"post_tag","embeddable":true,"href":"http:\/\/www.asphan.org.br\/index.php\/wp-json\/wp\/v2\/tags?post=2474"}],"curies":[{"name":"wp","href":"https:\/\/api.w.org\/{rel}","templated":true}]}}