{"id":315,"date":"2011-12-07T11:24:03","date_gmt":"2011-12-07T11:24:03","guid":{"rendered":"http:\/\/www.asphan.org.br\/?p=315"},"modified":"2017-11-16T17:06:40","modified_gmt":"2017-11-16T19:06:40","slug":"comunicado-21112011","status":"publish","type":"post","link":"http:\/\/www.asphan.org.br\/index.php\/comunicado-21112011","title":{"rendered":"COMUNICADO 21\/11\/2011"},"content":{"rendered":"<p><strong>PLANO DE SA\u00daDE ASPHAN &#8211; CENTRAL NACIONAL UNIMED<\/strong><\/p>\n<p>Prezados Colegas Servidores Ativos, Inativos, e seus Pensionistas, do Iphan e do Ibram,<\/p>\n<p>A Diretoria da Asphan, juntamente com o Comit\u00ea Gestor do Plano de Sa\u00fade, est\u00e1 trabalhando com afinco para tentar a contrata\u00e7\u00e3o da Central Nacional Unimed, como forma de solucionar a situa\u00e7\u00e3o insatisfat\u00f3ria provocada pela escolha de outra operadora de plano de sa\u00fade na licita\u00e7\u00e3o ocorrida no corrente ano. Ao mesmo tempo, a Asphan entrou, esta semana, com representa\u00e7\u00e3o no Tribunal de Contas da Uni\u00e3o e no Minist\u00e9rio P\u00fablico Federal, buscando o cancelamento da licita\u00e7\u00e3o, por supostas irregularidades no processo licitat\u00f3rio.<\/p>\n<p>Uma das quest\u00f5es que estava nos preocupando para a implanta\u00e7\u00e3o do contrato Asphan \/ Unimed, que era a cobran\u00e7a por boleto banc\u00e1rio, foi descartada: a Unimed conseguiu, recentemente, uma rubrica para desconto em folha de pagamento, o que \u00e9 mais seguro e vantajoso para todos. Entretanto, outras dificuldades existem para a efetiva\u00e7\u00e3o deste contrato, de grande responsabilidade. Com o baixo numero de pr\u00e9-ades\u00f5es, a Unimed prop\u00f4s aumento no valor das mensalidades, em rela\u00e7\u00e3o \u00e0 tabela que havia sido divulgada juntamente com o termo de pr\u00e9-ades\u00e3o. A negocia\u00e7\u00e3o tornou-se mais dif\u00edcil, favorecendo a imposi\u00e7\u00e3o da vontade da operadora que ainda requer a inclus\u00e3o, na mensalidade, de um valor de 4,5% referente a INSS, que est\u00e1 sendo julgado indevido por n\u00f3s. Tentamos contrapropostas, mas a recep\u00e7\u00e3o n\u00e3o tem sido positiva.<\/p>\n<p>Al\u00e9m das mensalidades mais elevadas, ap\u00f3s an\u00e1lise de custos e benef\u00edcios, avaliamos que, para usufruir do contrato Asphan \/ Unimed, o servidor ter\u00e1 de se associar \u00e0 Asphan, o que aumentar\u00e1 indiretamente o custo de acesso ao plano. Este aumento seria da ordem de 0,5% do valor bruto de seu vencimento, conforme percentual previsto no regimento da Asphan para as mensalidades individuais (a mensalidade \u00e9 cobrada apenas para o titular).<\/p>\n<p>Com tais acr\u00e9scimos, a \u00faltima proposta de tabela da Unimed j\u00e1 est\u00e1 pr\u00f3xima aos valores da tabela praticada pela Amil no Iphan e j\u00e1 est\u00e1 levemente mais alta do que a da Amil no Ibram. Isto prejudica diretamente nossa pol\u00edtica de &#8220;rejuvenescimento&#8221; do grupo, pois inibe a ades\u00e3o do pessoal do Ibram que poderia pesar positivamente para tornar o grupo Asphan mais jovem.<\/p>\n<p>O que estamos propondo, no momento, \u00e9 que todos fa\u00e7am uma divulga\u00e7\u00e3o pessoal deste plano entre os colegas, tanto do Iphan como, principalmente, do Ibram para tentarmos elevar o n\u00famero de ades\u00f5es e, quem sabe, voltarmos \u00e0 primeira tabela de valores proposta pela Unimed. Esse esfor\u00e7o seria important\u00edssimo para tentarmos um reposicionamento de for\u00e7as na mesa de negocia\u00e7\u00e3o. Lembramos que agora temos j\u00e1 decidida a quest\u00e3o do desconto em folha, para tranquilizar aqueles que estavam preocupados com inadimpl\u00eancia.<\/p>\n<p>Oportunamente iremos divulgar nossa decis\u00e3o sobre o contrato, garantindo a todos que a Asphan est\u00e1 fazendo tudo a seu alcance para solucionar este problema que foi criado pelo resultado de licita\u00e7\u00f5es extremamente desfavor\u00e1veis aos principais interessados, os servidores. Esperamos n\u00e3o nos alongar mais nas negocia\u00e7\u00f5es e ter uma decis\u00e3o no mais tardar at\u00e9 o final deste m\u00eas ressaltando que a Unimed n\u00e3o est\u00e1 colocando prazo final para esta decis\u00e3o de nossa parte.<\/p>\n<p>ASPHAN \/ DIRETORIA NACIONAL<\/p>\n","protected":false},"excerpt":{"rendered":"<p>PLANO DE SA\u00daDE ASPHAN &#8211; CENTRAL NACIONAL UNIMED Prezados Colegas Servidores Ativos, Inativos, e seus Pensionistas, do Iphan e do Ibram, A Diretoria da Asphan, juntamente com o Comit\u00ea Gestor do Plano de Sa\u00fade, est\u00e1 trabalhando com afinco para tentar a contrata\u00e7\u00e3o da Central Nacional Unimed, como forma de solucionar a situa\u00e7\u00e3o insatisfat\u00f3ria provocada pela [&hellip;]<\/p>\n","protected":false},"author":1,"featured_media":0,"comment_status":"closed","ping_status":"closed","sticky":false,"template":"","format":"standard","meta":{"_bbp_topic_count":0,"_bbp_reply_count":0,"_bbp_total_topic_count":0,"_bbp_total_reply_count":0,"_bbp_voice_count":0,"_bbp_anonymous_reply_count":0,"_bbp_topic_count_hidden":0,"_bbp_reply_count_hidden":0,"_bbp_forum_subforum_count":0,"ngg_post_thumbnail":0,"_links_to":"","_links_to_target":""},"categories":[7],"tags":[],"_links":{"self":[{"href":"http:\/\/www.asphan.org.br\/index.php\/wp-json\/wp\/v2\/posts\/315"}],"collection":[{"href":"http:\/\/www.asphan.org.br\/index.php\/wp-json\/wp\/v2\/posts"}],"about":[{"href":"http:\/\/www.asphan.org.br\/index.php\/wp-json\/wp\/v2\/types\/post"}],"author":[{"embeddable":true,"href":"http:\/\/www.asphan.org.br\/index.php\/wp-json\/wp\/v2\/users\/1"}],"replies":[{"embeddable":true,"href":"http:\/\/www.asphan.org.br\/index.php\/wp-json\/wp\/v2\/comments?post=315"}],"version-history":[{"count":4,"href":"http:\/\/www.asphan.org.br\/index.php\/wp-json\/wp\/v2\/posts\/315\/revisions"}],"predecessor-version":[{"id":1628,"href":"http:\/\/www.asphan.org.br\/index.php\/wp-json\/wp\/v2\/posts\/315\/revisions\/1628"}],"wp:attachment":[{"href":"http:\/\/www.asphan.org.br\/index.php\/wp-json\/wp\/v2\/media?parent=315"}],"wp:term":[{"taxonomy":"category","embeddable":true,"href":"http:\/\/www.asphan.org.br\/index.php\/wp-json\/wp\/v2\/categories?post=315"},{"taxonomy":"post_tag","embeddable":true,"href":"http:\/\/www.asphan.org.br\/index.php\/wp-json\/wp\/v2\/tags?post=315"}],"curies":[{"name":"wp","href":"https:\/\/api.w.org\/{rel}","templated":true}]}}