{"id":356,"date":"2012-02-13T18:57:09","date_gmt":"2012-02-13T18:57:09","guid":{"rendered":"http:\/\/www.asphan.org.br\/?p=356"},"modified":"2016-03-09T23:59:46","modified_gmt":"2016-03-10T02:59:46","slug":"comunicado-21112011-2","status":"publish","type":"post","link":"http:\/\/www.asphan.org.br\/index.php\/comunicado-21112011-2","title":{"rendered":"COMUNICADO 21\/11\/2011"},"content":{"rendered":"<p><strong>SITUA\u00c7\u00c3O DO PROCESSO N\u00ba 1122\/1990 \u2013 DISS\u00cdDIO COLETIVO<\/strong><\/p>\n<p>Prezados Associados e Ex-Associados.<\/p>\n<p>O processo do diss\u00eddio est\u00e1, no momento, na Advocacia Geral da Uni\u00e3o,  seguindo despacho da Ju\u00edza, para que tomem conhecimento de nossa  aceita\u00e7\u00e3o dos valores propostos pelo Iphan. Em seguida, o processo deve  ser remetido \u00e0 Fazenda Nacional e ao Minist\u00e9rio P\u00fablico do Trabalho,  tamb\u00e9m conforme despachos da Ju\u00edza.<\/p>\n<p>Assim que terminar esta fase da tramita\u00e7\u00e3o, volta para a Ju\u00edza que  poder\u00e1 iniciar a emiss\u00e3o das ordens de pagamento dos valores menores que  60 sal\u00e1rios m\u00ednimos. Estima-se que, depois da emiss\u00e3o das ordens de  pagamento, os valores estejam efetivamente dispon\u00edveis ap\u00f3s 90 a 120  dias.  Para agilizar esta fase, a Asphan j\u00e1 entregou \u00e0 Juiza os c\u00e1lculos  de descontos de imposto de renda conforme a legisla\u00e7\u00e3o 2011, bem como  todas as certid\u00f5es negativas de d\u00e9bitos junto \u00e0 Receita Federal de cada  um dos inclu\u00eddos no processo.<\/p>\n<p>Quanto aos valores a serem pagos e a data, a Asphan avisar\u00e1 a todos,  por comunicado individual oficial, e ningu\u00e9m mais est\u00e1 autorizado, nem  pela Ju\u00edza, nem pela advogada, nem por qualquer outra institui\u00e7\u00e3o, a  fazer contato com as pessoas a respeito destes valores e seu pagamento.<\/p>\n<p><strong>PEND\u00caNCIAS NA RECEITA FEDERAL<\/strong><\/p>\n<p>Em agosto de 2011, quando a Asphan devolveu o processo \u00e0 Ju\u00edza, com o  aceite da proposta do Iphan, j\u00e1 incluiu no processo as certid\u00f5es  negativas da Receita Federal de cada um dos inclu\u00eddos pois este dado \u00e9  exig\u00eancia obrigat\u00f3ria para qualquer cidad\u00e3o receber valores pagos pela  Uni\u00e3o Federal. Sem a situa\u00e7\u00e3o regularizada junto \u00e0 Receita, o cidad\u00e3o  n\u00e3o est\u00e1 habilitado a receber indeniza\u00e7\u00f5es da Uni\u00e3o. Ocorre que alguns  servidores inclu\u00eddos no processo encontravam-se com pend\u00eancias junto ao  \u00f3rg\u00e3o da Receita Federal e elas precisam ser sanadas de modo que eles  possam habilitar-se a receber.<\/p>\n<p>Por tratar-se de informa\u00e7\u00e3o sigilosa, a Asphan comunicar\u00e1  individualmente aos associados que possuem tais pend\u00eancias, cabendo a  eles san\u00e1-las e, em seguida, enviar para a Asphan as certid\u00f5es obtidas  para remessa \u00e0 Juiza e inclus\u00e3o no processo.<\/p>\n<p>Rio de Janeiro, 21 de novembro de 2011<br \/>\nASPHAN<br \/>\nDIRETORIA NACIONAL<\/p>\n","protected":false},"excerpt":{"rendered":"<p>SITUA\u00c7\u00c3O DO PROCESSO N\u00ba 1122\/1990 \u2013 DISS\u00cdDIO COLETIVO Prezados Associados e Ex-Associados. O processo do diss\u00eddio est\u00e1, no momento, na Advocacia Geral da Uni\u00e3o, seguindo despacho da Ju\u00edza, para que tomem conhecimento de nossa aceita\u00e7\u00e3o dos valores propostos pelo Iphan. Em seguida, o processo deve ser remetido \u00e0 Fazenda Nacional e ao Minist\u00e9rio P\u00fablico do [&hellip;]<\/p>\n","protected":false},"author":1,"featured_media":0,"comment_status":"closed","ping_status":"closed","sticky":false,"template":"","format":"standard","meta":{"_bbp_topic_count":0,"_bbp_reply_count":0,"_bbp_total_topic_count":0,"_bbp_total_reply_count":0,"_bbp_voice_count":0,"_bbp_anonymous_reply_count":0,"_bbp_topic_count_hidden":0,"_bbp_reply_count_hidden":0,"_bbp_forum_subforum_count":0,"ngg_post_thumbnail":0,"_links_to":"","_links_to_target":""},"categories":[21,17],"tags":[],"_links":{"self":[{"href":"http:\/\/www.asphan.org.br\/index.php\/wp-json\/wp\/v2\/posts\/356"}],"collection":[{"href":"http:\/\/www.asphan.org.br\/index.php\/wp-json\/wp\/v2\/posts"}],"about":[{"href":"http:\/\/www.asphan.org.br\/index.php\/wp-json\/wp\/v2\/types\/post"}],"author":[{"embeddable":true,"href":"http:\/\/www.asphan.org.br\/index.php\/wp-json\/wp\/v2\/users\/1"}],"replies":[{"embeddable":true,"href":"http:\/\/www.asphan.org.br\/index.php\/wp-json\/wp\/v2\/comments?post=356"}],"version-history":[{"count":3,"href":"http:\/\/www.asphan.org.br\/index.php\/wp-json\/wp\/v2\/posts\/356\/revisions"}],"predecessor-version":[{"id":1158,"href":"http:\/\/www.asphan.org.br\/index.php\/wp-json\/wp\/v2\/posts\/356\/revisions\/1158"}],"wp:attachment":[{"href":"http:\/\/www.asphan.org.br\/index.php\/wp-json\/wp\/v2\/media?parent=356"}],"wp:term":[{"taxonomy":"category","embeddable":true,"href":"http:\/\/www.asphan.org.br\/index.php\/wp-json\/wp\/v2\/categories?post=356"},{"taxonomy":"post_tag","embeddable":true,"href":"http:\/\/www.asphan.org.br\/index.php\/wp-json\/wp\/v2\/tags?post=356"}],"curies":[{"name":"wp","href":"https:\/\/api.w.org\/{rel}","templated":true}]}}