{"id":390,"date":"2012-06-22T13:27:52","date_gmt":"2012-06-22T13:27:52","guid":{"rendered":"http:\/\/www.asphan.org.br\/?p=390"},"modified":"2016-03-09T23:59:45","modified_gmt":"2016-03-10T02:59:45","slug":"comunicado-21062012","status":"publish","type":"post","link":"http:\/\/www.asphan.org.br\/index.php\/comunicado-21062012","title":{"rendered":"COMUNICADO 21\/06\/2012"},"content":{"rendered":"<p><strong>SITUA\u00c7\u00c3O DO PROCESSO N\u00ba 1122\/1990 \u2013 DISS\u00cdDIO COLETIVO<\/strong><\/p>\n<p>Prezados Colegas.<\/p>\n<p>O processo, desde o \u00faltimo dia 12, encontra-se com nossa advogada que est\u00e1 preparando a manifesta\u00e7\u00e3o solicitada pela Ju\u00edza do caso, Dra. Cissa Biasoli. A manifesta\u00e7\u00e3o deve abordar as impugna\u00e7\u00f5es feitas pelo Minist\u00e9rio P\u00fablico do Trabalho e deve ser apresentada \u00e0 Ju\u00edza em dez dias (at\u00e9 dia 22\/06\/2012). A Asphan est\u00e1 participando diretamente desta fase, junto \u00e0 Dra. Cl\u00e1udia Duranti.<\/p>\n<p>A manifesta\u00e7\u00e3o esclarece cada item questionado pelo MPT, praticamente transcrevendo despachos constantes no processo, exarados pela Ju\u00edza. Para n\u00f3s, nenhuma impugna\u00e7\u00e3o tem proced\u00eancia ou pode sofrer recurso.<\/p>\n<p>Para esta fase final, enviamos um comunicado restrito, por email, solicitando aos seguintes servidores para que entrem em contato urgente com a<\/p>\n<p>Asphan, por email, a respeito de Termo de Concord\u00e2ncia:<\/p>\n<table width=\"100%\" border=\"0\" cellspacing=\"0\" cellpadding=\"0\" id=\"contentleft\">\n<tbody>\n<tr>\n<td>\n<ul>\n<li>Anaildo Bara\u00e7al<\/li>\n<li>Bianor Medeiros<\/li>\n<li>C\u00edcero Silva Junior<\/li>\n<li>Cintia Cardinali<\/li>\n<li>Cl\u00e1udia Vasques<\/li>\n<li>Cristov\u00e3o Duarte<\/li>\n<li>Dalmo Vieira Filho<\/li>\n<li>Edio Ribeiro<\/li>\n<li>Fab\u00edola d\u2019Angelo<\/li>\n<li>Helena Teixeira<\/li>\n<li>Ivan Rover<\/li>\n<li>Janice Nascimento<\/li>\n<li>Jos\u00e9 Artur Pereira<\/li>\n<li>Jos\u00e9 Neves Bittencourt<\/li>\n<li>L\u00edvia d\u2019Assump\u00e7\u00e3o<\/li>\n<li>Luiz Louren\u00e7o Amado<\/li>\n<li>Luiz Roberto D. Santos<\/li>\n<li>Luiz Sergio M Bittencourt<\/li>\n<\/ul>\n<\/td>\n<td>\n<ul>\n<li>M\u00e1rcio Vianna<\/li>\n<li>Marco Antonio S. Lima<\/li>\n<li>Maria Augusta F. M. Silva<\/li>\n<li>Maria Cristina P. Ferreira<\/li>\n<li>Maria das Dores C. Gouveia<\/li>\n<li>Maria Elizabete S. Peixoto<\/li>\n<li>Maria Georgina S. Hungria<\/li>\n<li>Maria Virginia Guedes<\/li>\n<li>Mauri Pereira<\/li>\n<li>M\u00f4nica Melhem<\/li>\n<li>Rejane Maria L. Vieira<\/li>\n<li>Rudival Melo<\/li>\n<li>Silvio B. Lima<\/li>\n<li>Sydney Sergio Solis<\/li>\n<li>Waldecir Silva<\/li>\n<li>Yara Amado<\/li>\n<li>Zuzana Paternostro<\/li>\n<\/ul>\n<\/td>\n<\/tr>\n<\/tbody>\n<\/table>\n<p>ASPHAN<br \/>\nDIRETORIA NACIONAL<\/p>\n","protected":false},"excerpt":{"rendered":"<p>SITUA\u00c7\u00c3O DO PROCESSO N\u00ba 1122\/1990 \u2013 DISS\u00cdDIO COLETIVO Prezados Colegas. O processo, desde o \u00faltimo dia 12, encontra-se com nossa advogada que est\u00e1 preparando a manifesta\u00e7\u00e3o solicitada pela Ju\u00edza do caso, Dra. Cissa Biasoli. A manifesta\u00e7\u00e3o deve abordar as impugna\u00e7\u00f5es feitas pelo Minist\u00e9rio P\u00fablico do Trabalho e deve ser apresentada \u00e0 Ju\u00edza em dez dias [&hellip;]<\/p>\n","protected":false},"author":1,"featured_media":0,"comment_status":"closed","ping_status":"closed","sticky":false,"template":"","format":"standard","meta":{"_bbp_topic_count":0,"_bbp_reply_count":0,"_bbp_total_topic_count":0,"_bbp_total_reply_count":0,"_bbp_voice_count":0,"_bbp_anonymous_reply_count":0,"_bbp_topic_count_hidden":0,"_bbp_reply_count_hidden":0,"_bbp_forum_subforum_count":0,"ngg_post_thumbnail":0,"_links_to":"","_links_to_target":""},"categories":[21,17],"tags":[],"_links":{"self":[{"href":"http:\/\/www.asphan.org.br\/index.php\/wp-json\/wp\/v2\/posts\/390"}],"collection":[{"href":"http:\/\/www.asphan.org.br\/index.php\/wp-json\/wp\/v2\/posts"}],"about":[{"href":"http:\/\/www.asphan.org.br\/index.php\/wp-json\/wp\/v2\/types\/post"}],"author":[{"embeddable":true,"href":"http:\/\/www.asphan.org.br\/index.php\/wp-json\/wp\/v2\/users\/1"}],"replies":[{"embeddable":true,"href":"http:\/\/www.asphan.org.br\/index.php\/wp-json\/wp\/v2\/comments?post=390"}],"version-history":[{"count":9,"href":"http:\/\/www.asphan.org.br\/index.php\/wp-json\/wp\/v2\/posts\/390\/revisions"}],"predecessor-version":[{"id":1157,"href":"http:\/\/www.asphan.org.br\/index.php\/wp-json\/wp\/v2\/posts\/390\/revisions\/1157"}],"wp:attachment":[{"href":"http:\/\/www.asphan.org.br\/index.php\/wp-json\/wp\/v2\/media?parent=390"}],"wp:term":[{"taxonomy":"category","embeddable":true,"href":"http:\/\/www.asphan.org.br\/index.php\/wp-json\/wp\/v2\/categories?post=390"},{"taxonomy":"post_tag","embeddable":true,"href":"http:\/\/www.asphan.org.br\/index.php\/wp-json\/wp\/v2\/tags?post=390"}],"curies":[{"name":"wp","href":"https:\/\/api.w.org\/{rel}","templated":true}]}}