{"id":405,"date":"2012-07-05T17:39:07","date_gmt":"2012-07-05T17:39:07","guid":{"rendered":"http:\/\/www.asphan.org.br\/?p=405"},"modified":"2016-03-09T23:59:45","modified_gmt":"2016-03-10T02:59:45","slug":"comunicado-05072012","status":"publish","type":"post","link":"http:\/\/www.asphan.org.br\/index.php\/comunicado-05072012","title":{"rendered":"COMUNICADO 05\/07\/2012"},"content":{"rendered":"<p><strong>SITUA\u00c7\u00c3O DO PROCESSO N\u00ba 1122\/1990 \u2013 DISS\u00cdDIO COLETIVO<\/strong><\/p>\n<p>Prezados Colegas.<\/p>\n<p>Apesar de ainda n\u00e3o constar do sistema de consulta processual da 20a. vara do trabalho, no \u00faltimo dia 27 de junho, nossa advogada devolveu o processo \u00e0 vara do trabalho, atendendo ao pedido da Ju\u00edza para manifesta\u00e7\u00e3o sobre as impugna\u00e7\u00f5es apresentadas pelo Minist\u00e9rio P\u00fablico do Trabalho.<\/p>\n<p>Tais impugna\u00e7\u00f5es, a partir de sua an\u00e1lise por nossa advogada, mostraram ser improcedentes, visto tratarem de assuntos que j\u00e1 haviam sido decididos pela Ju\u00edza, por meio de despachos constantes nos volumes do processo. A manifesta\u00e7\u00e3o de nossa advogada abordou item a item impugnado, acompanhado da transcri\u00e7\u00e3o de cada um dos despachos que j\u00e1 mostravam as solu\u00e7\u00f5es e decis\u00f5es.<\/p>\n<p>Foi considerada totalmente inadequada a interven\u00e7\u00e3o do MPT, tornando-se elemento protelat\u00f3rio e motivo de atraso irrecuper\u00e1vel para a adequada tramita\u00e7\u00e3o do processo.<\/p>\n<p>Estamos aguardando, agora, a avalia\u00e7\u00e3o da Ju\u00edza sobre os pr\u00f3ximos encaminhamentos, esperando que, em primeiro lugar, o MPT reconsidere e anule suas impugna\u00e7\u00f5es, para que se passe \u00e0 pr\u00f3xima etapa, a ser decidida pela Ju\u00edza.<\/p>\n<p>ASPHAN<br \/>\nDIRETORIA NACIONAL<\/p>\n","protected":false},"excerpt":{"rendered":"<p>SITUA\u00c7\u00c3O DO PROCESSO N\u00ba 1122\/1990 \u2013 DISS\u00cdDIO COLETIVO Prezados Colegas. Apesar de ainda n\u00e3o constar do sistema de consulta processual da 20a. vara do trabalho, no \u00faltimo dia 27 de junho, nossa advogada devolveu o processo \u00e0 vara do trabalho, atendendo ao pedido da Ju\u00edza para manifesta\u00e7\u00e3o sobre as impugna\u00e7\u00f5es apresentadas pelo Minist\u00e9rio P\u00fablico do [&hellip;]<\/p>\n","protected":false},"author":1,"featured_media":0,"comment_status":"closed","ping_status":"closed","sticky":false,"template":"","format":"standard","meta":{"_bbp_topic_count":0,"_bbp_reply_count":0,"_bbp_total_topic_count":0,"_bbp_total_reply_count":0,"_bbp_voice_count":0,"_bbp_anonymous_reply_count":0,"_bbp_topic_count_hidden":0,"_bbp_reply_count_hidden":0,"_bbp_forum_subforum_count":0,"ngg_post_thumbnail":0,"_links_to":"","_links_to_target":""},"categories":[21,17],"tags":[],"_links":{"self":[{"href":"http:\/\/www.asphan.org.br\/index.php\/wp-json\/wp\/v2\/posts\/405"}],"collection":[{"href":"http:\/\/www.asphan.org.br\/index.php\/wp-json\/wp\/v2\/posts"}],"about":[{"href":"http:\/\/www.asphan.org.br\/index.php\/wp-json\/wp\/v2\/types\/post"}],"author":[{"embeddable":true,"href":"http:\/\/www.asphan.org.br\/index.php\/wp-json\/wp\/v2\/users\/1"}],"replies":[{"embeddable":true,"href":"http:\/\/www.asphan.org.br\/index.php\/wp-json\/wp\/v2\/comments?post=405"}],"version-history":[{"count":4,"href":"http:\/\/www.asphan.org.br\/index.php\/wp-json\/wp\/v2\/posts\/405\/revisions"}],"predecessor-version":[{"id":1156,"href":"http:\/\/www.asphan.org.br\/index.php\/wp-json\/wp\/v2\/posts\/405\/revisions\/1156"}],"wp:attachment":[{"href":"http:\/\/www.asphan.org.br\/index.php\/wp-json\/wp\/v2\/media?parent=405"}],"wp:term":[{"taxonomy":"category","embeddable":true,"href":"http:\/\/www.asphan.org.br\/index.php\/wp-json\/wp\/v2\/categories?post=405"},{"taxonomy":"post_tag","embeddable":true,"href":"http:\/\/www.asphan.org.br\/index.php\/wp-json\/wp\/v2\/tags?post=405"}],"curies":[{"name":"wp","href":"https:\/\/api.w.org\/{rel}","templated":true}]}}