{"id":447,"date":"2012-10-03T12:09:35","date_gmt":"2012-10-03T12:09:35","guid":{"rendered":"http:\/\/www.asphan.org.br\/?p=447"},"modified":"2016-03-09T23:59:45","modified_gmt":"2016-03-10T02:59:45","slug":"comunicado-13082012-situacao-do-processo-no-11221990-dissidio-coletivo","status":"publish","type":"post","link":"http:\/\/www.asphan.org.br\/index.php\/comunicado-13082012-situacao-do-processo-no-11221990-dissidio-coletivo","title":{"rendered":"COMUNICADO 13\/08\/2012"},"content":{"rendered":"<p><strong>SITUA\u00c7\u00c3O DO PROCESSO N\u00ba 1122\/1990 \u2013 DISS\u00cdDIO COLETIVO\u00a0<\/strong><\/p>\n<p>Prezados Colegas.<\/p>\n<p>Passamos a transmitir as \u00faltimas informa\u00e7\u00f5es sobre o referido processo, conforme nos foram repassadas pela Dra. Cl\u00e1udia Duranti, em comunicado \u00e0 Asphan.<\/p>\n<p>Conforme registra o sistema de consulta processual da 20a. vara do trabalho, a ju\u00edza marcou uma audi\u00eancia especial para o pr\u00f3ximo dia 07.11.12 \u00e0s 09:30h, com a finalidade de acertar os \u00faltimos tr\u00e2mites do processo, que antecedem o pagamento.<\/p>\n<p>A audi\u00eancia visa acelerar a tramita\u00e7\u00e3o do processo, nessa fase final, visto que, caso fosse dado o andamento de praxe, cada despacho da ju\u00edza demandaria uma intima\u00e7\u00e3o de 03 entes p\u00fablicos (IPHAN, UNIAO\/SGU E MPT), gerando um enorme atraso visto que teria de se dar ci\u00eancia a cada \u00f3rg\u00e3o, separadamente, para que eles manifestassem sua concord\u00e2ncia.<\/p>\n<p>A data da audi\u00eancia especial ficou longe, mas a finalidade \u00e9 a de dar tempo aos \u00f3rg\u00e3os IPHAN, UNIAO\/SGU E MPT para examinarem o processo, principalmente o MPT que tem pedido vista de 60 dias, porque est\u00e1 com dificuldades de entender a execu\u00e7\u00e3o.<\/p>\n<p>Neste meio tempo, a Asphan, representada por sua advogada, deve ir ao Minist\u00e9rio P\u00fablico em Bras\u00edlia para falar com o procurador geral do trabalho, Dr. Camargo, sobre a import\u00e2ncia de termos um encerramento r\u00e1pido desta execu\u00e7\u00e3o.<\/p>\n<p>ASPHAN<br \/>\nDIRETORIA NACIONAL<\/p>\n","protected":false},"excerpt":{"rendered":"<p>SITUA\u00c7\u00c3O DO PROCESSO N\u00ba 1122\/1990 \u2013 DISS\u00cdDIO COLETIVO\u00a0 Prezados Colegas. Passamos a transmitir as \u00faltimas informa\u00e7\u00f5es sobre o referido processo, conforme nos foram repassadas pela Dra. Cl\u00e1udia Duranti, em comunicado \u00e0 Asphan. Conforme registra o sistema de consulta processual da 20a. vara do trabalho, a ju\u00edza marcou uma audi\u00eancia especial para o pr\u00f3ximo dia 07.11.12 [&hellip;]<\/p>\n","protected":false},"author":1,"featured_media":0,"comment_status":"closed","ping_status":"closed","sticky":false,"template":"","format":"standard","meta":{"_bbp_topic_count":0,"_bbp_reply_count":0,"_bbp_total_topic_count":0,"_bbp_total_reply_count":0,"_bbp_voice_count":0,"_bbp_anonymous_reply_count":0,"_bbp_topic_count_hidden":0,"_bbp_reply_count_hidden":0,"_bbp_forum_subforum_count":0,"ngg_post_thumbnail":0,"_links_to":"","_links_to_target":""},"categories":[21,17],"tags":[],"_links":{"self":[{"href":"http:\/\/www.asphan.org.br\/index.php\/wp-json\/wp\/v2\/posts\/447"}],"collection":[{"href":"http:\/\/www.asphan.org.br\/index.php\/wp-json\/wp\/v2\/posts"}],"about":[{"href":"http:\/\/www.asphan.org.br\/index.php\/wp-json\/wp\/v2\/types\/post"}],"author":[{"embeddable":true,"href":"http:\/\/www.asphan.org.br\/index.php\/wp-json\/wp\/v2\/users\/1"}],"replies":[{"embeddable":true,"href":"http:\/\/www.asphan.org.br\/index.php\/wp-json\/wp\/v2\/comments?post=447"}],"version-history":[{"count":4,"href":"http:\/\/www.asphan.org.br\/index.php\/wp-json\/wp\/v2\/posts\/447\/revisions"}],"predecessor-version":[{"id":1155,"href":"http:\/\/www.asphan.org.br\/index.php\/wp-json\/wp\/v2\/posts\/447\/revisions\/1155"}],"wp:attachment":[{"href":"http:\/\/www.asphan.org.br\/index.php\/wp-json\/wp\/v2\/media?parent=447"}],"wp:term":[{"taxonomy":"category","embeddable":true,"href":"http:\/\/www.asphan.org.br\/index.php\/wp-json\/wp\/v2\/categories?post=447"},{"taxonomy":"post_tag","embeddable":true,"href":"http:\/\/www.asphan.org.br\/index.php\/wp-json\/wp\/v2\/tags?post=447"}],"curies":[{"name":"wp","href":"https:\/\/api.w.org\/{rel}","templated":true}]}}