{"id":472,"date":"2012-11-14T16:21:52","date_gmt":"2012-11-14T16:21:52","guid":{"rendered":"http:\/\/www.asphan.org.br\/?p=472"},"modified":"2016-03-09T23:59:45","modified_gmt":"2016-03-10T02:59:45","slug":"comunicado-14112012","status":"publish","type":"post","link":"http:\/\/www.asphan.org.br\/index.php\/comunicado-14112012","title":{"rendered":"COMUNICADO 14\/11\/2012"},"content":{"rendered":"<p><strong>PROCESSO DO DISS\u00cdDIO COLETIVO DE 1989<\/strong><\/p>\n<p>Prezados Associados e Colegas.<\/p>\n<p>Favor verificar se seu nome consta na lista anexa onde est\u00e3o arrolados os servidores que devem contatar a Asphan com urg\u00eancia. Aqueles que j\u00e1 foram contatados ontem e hoje, por email, j\u00e1 est\u00e3o cientes do assunto mas os demais devem enviar, com urg\u00eancia, email para a Asphan para conhecer assunto de seu interesse, relativo ao processo acima.<\/p>\n<p>&nbsp;<\/p>\n<table width=\"344\" border=\"0\" cellspacing=\"0\" cellpadding=\"0\">\n<tbody>\n<tr>\n<td valign=\"top\" width=\"344\"><strong>NOME<\/strong><\/td>\n<\/tr>\n<tr>\n<td valign=\"top\" width=\"344\">Adda Cavalcanti de Camargo<\/td>\n<\/tr>\n<tr>\n<td valign=\"top\" width=\"344\">Aimojara Xavier da Silva<\/td>\n<\/tr>\n<tr>\n<td valign=\"top\" width=\"344\">Alair Siqueira Barros<\/td>\n<\/tr>\n<tr>\n<td valign=\"top\" width=\"344\">Alberlandino Arlindo G. e\u00a0 Silva<\/td>\n<\/tr>\n<tr>\n<td valign=\"top\" width=\"344\">\u00c1lvaro Costa e Silva<\/td>\n<\/tr>\n<tr>\n<td valign=\"top\" width=\"344\">Am\u00e9lia Maria Moreira<\/td>\n<\/tr>\n<tr>\n<td valign=\"top\" width=\"344\">Ana Cl\u00e1udia Lima e Alves<\/td>\n<\/tr>\n<tr>\n<td valign=\"top\" width=\"344\">Ana Elizabeth Fonseca Jeker<\/td>\n<\/tr>\n<tr>\n<td valign=\"top\" width=\"344\">Ana Gita de Oliveira<\/td>\n<\/tr>\n<tr>\n<td valign=\"top\" width=\"344\">Ana L\u00facia P. Menezes de Farias<\/td>\n<\/tr>\n<tr>\n<td valign=\"top\" width=\"344\">Ana Maria Lopes Roland<\/td>\n<\/tr>\n<tr>\n<td valign=\"top\" width=\"344\">Andr\u00e9 Luiz Teixeira de Almeida<\/td>\n<\/tr>\n<tr>\n<td valign=\"top\" width=\"344\">\u00c2ngela Maria de Oliveira Paiva<\/td>\n<\/tr>\n<tr>\n<td valign=\"top\" width=\"344\">Ann-Maj\u00a0 Beckman Meirelles<\/td>\n<\/tr>\n<tr>\n<td valign=\"top\" width=\"344\">Anna Maria Serpa Barroso<\/td>\n<\/tr>\n<tr>\n<td valign=\"top\" width=\"344\">Antolinda Baia Borges<\/td>\n<\/tr>\n<tr>\n<td valign=\"top\" width=\"344\">Antonio Carlos de Freitas Bertho<\/td>\n<\/tr>\n<tr>\n<td valign=\"top\" width=\"344\">Antonio das Neves Gameiro<\/td>\n<\/tr>\n<tr>\n<td valign=\"top\" width=\"344\">Antonio dos Santos Filho<\/td>\n<\/tr>\n<tr>\n<td valign=\"top\" width=\"344\">Antonio Fernando Batista dos Santos<\/td>\n<\/tr>\n<tr>\n<td valign=\"top\" width=\"344\">Antonio Jos\u00e9 Aguilera Montalvo<\/td>\n<\/tr>\n<tr>\n<td valign=\"top\" width=\"344\">Armando Santos Moreira da Cunha<\/td>\n<\/tr>\n<tr>\n<td valign=\"top\" width=\"344\">Arthur Niemeier Santos Fernandes<\/td>\n<\/tr>\n<tr>\n<td valign=\"top\" width=\"344\">Augusto Carlos da Silva Telles<\/td>\n<\/tr>\n<tr>\n<td valign=\"top\" width=\"344\">Augusto Moreno Maia<\/td>\n<\/tr>\n<tr>\n<td valign=\"top\" width=\"344\">\u00c1urea Maria de Freitas Carvalho<\/td>\n<\/tr>\n<tr>\n<td valign=\"top\" width=\"344\">Berenice Marques de Carvalho Jambo<\/td>\n<\/tr>\n<tr>\n<td valign=\"top\" width=\"344\">Briane Elizabeth Panitz Bica<\/td>\n<\/tr>\n<tr>\n<td valign=\"top\" width=\"344\">Carlos Alberto Ribeiro De Xavier<\/td>\n<\/tr>\n<tr>\n<td valign=\"top\" width=\"344\">Carlos Augusto Machado Calil<\/td>\n<\/tr>\n<tr>\n<td valign=\"top\" width=\"344\">Carlos Botelho Martins Filho<\/td>\n<\/tr>\n<tr>\n<td valign=\"top\" width=\"344\">Carlos Eduardo Gouveia<\/td>\n<\/tr>\n<tr>\n<td valign=\"top\" width=\"344\">Carlos Fernando de Moura Delphim<\/td>\n<\/tr>\n<tr>\n<td valign=\"top\" width=\"344\">Carlos Gutierrez F. Cerqueira<\/td>\n<\/tr>\n<tr>\n<td valign=\"top\" width=\"344\">Carlos Roberto Rodrigues de Souza<\/td>\n<\/tr>\n<tr>\n<td valign=\"top\" width=\"344\">Carlos Wendel de Magalh\u00e3es<\/td>\n<\/tr>\n<tr>\n<td valign=\"top\" width=\"344\">Carmela Rapucci<\/td>\n<\/tr>\n<tr>\n<td valign=\"top\" width=\"344\">C\u00e1ssio Vin\u00edcio Sales<\/td>\n<\/tr>\n<tr>\n<td valign=\"top\" width=\"344\">Catarina Eleonora Ferreira da Silva<\/td>\n<\/tr>\n<tr>\n<td valign=\"top\" width=\"344\">C\u00e9lia Maria Corsino<\/td>\n<\/tr>\n<tr>\n<td valign=\"top\" width=\"344\">C\u00e9lia Maria Perdig\u00e3o Coutinho Gelio<\/td>\n<\/tr>\n<tr>\n<td valign=\"top\" width=\"344\">Celina Resende Filha<\/td>\n<\/tr>\n<tr>\n<td valign=\"top\" width=\"344\">Celina Santos Barboza<\/td>\n<\/tr>\n<tr>\n<td valign=\"top\" width=\"344\">Celso de Morais Monteiro<\/td>\n<\/tr>\n<tr>\n<td valign=\"top\" width=\"344\">C\u00edcero Silva Junior<\/td>\n<\/tr>\n<tr>\n<td valign=\"top\" width=\"344\">C\u00edntia Santar\u00e9m Cardinali<\/td>\n<\/tr>\n<tr>\n<td valign=\"top\" width=\"344\">Cl\u00e1udia M\u00e1rcia Freire Lages<\/td>\n<\/tr>\n<tr>\n<td valign=\"top\" width=\"344\">Cl\u00e1udia Marina de Macedo Vasques<\/td>\n<\/tr>\n<tr>\n<td valign=\"top\" width=\"344\">Cl\u00e1udio Augusto de Magalh\u00e3es Alves<\/td>\n<\/tr>\n<tr>\n<td valign=\"top\" width=\"344\">Cyro Il\u00eddio Correa de O. Lyra<\/td>\n<\/tr>\n<tr>\n<td valign=\"top\" width=\"344\">Dalmo Vieira Filho<\/td>\n<\/tr>\n<tr>\n<td valign=\"top\" width=\"344\">Dora Maria Pereira Rego Correia<\/td>\n<\/tr>\n<tr>\n<td valign=\"top\" width=\"344\">Dora Monteiro E.S. de Alc\u00e2ntara<\/td>\n<\/tr>\n<tr>\n<td valign=\"top\" width=\"344\">Ecyla Castanheira Brand\u00e3o<\/td>\n<\/tr>\n<tr>\n<td valign=\"top\" width=\"344\">Edgar Acosta Diaz<\/td>\n<\/tr>\n<tr>\n<td valign=\"top\" width=\"344\">Edna June Morley<\/td>\n<\/tr>\n<tr>\n<td valign=\"top\" width=\"344\">Eduardo Furtado de Simas<\/td>\n<\/tr>\n<tr>\n<td valign=\"top\" width=\"344\">Edward Melo de Britto<\/td>\n<\/tr>\n<tr>\n<td valign=\"top\" width=\"344\">Elayne Maria F.N. Fernandes<\/td>\n<\/tr>\n<tr>\n<td valign=\"top\" width=\"344\">Elena Josefina L. de G. Vallejo<\/td>\n<\/tr>\n<tr>\n<td valign=\"top\" width=\"344\">Eliana Balbina Flora Sales<\/td>\n<\/tr>\n<tr>\n<td valign=\"top\" width=\"344\">Eliana de Oliveira Queiroz<\/td>\n<\/tr>\n<tr>\n<td valign=\"top\" width=\"344\">Eliane Marchesini Zanatta<\/td>\n<\/tr>\n<tr>\n<td valign=\"top\" width=\"344\">Eliane Pszczol<\/td>\n<\/tr>\n<tr>\n<td valign=\"top\" width=\"344\">Eliezer Gomes do Nascimento<\/td>\n<\/tr>\n<tr>\n<td valign=\"top\" width=\"344\">Elisio Marcio de Oliveira<\/td>\n<\/tr>\n<tr>\n<td valign=\"top\" width=\"344\">Elizabete Cid Varela Madeira<\/td>\n<\/tr>\n<tr>\n<td valign=\"top\" width=\"344\">Elizabeth Maria das Dores F. Barros<\/td>\n<\/tr>\n<tr>\n<td valign=\"top\" width=\"344\">Elizabeth Salgado de Souza<\/td>\n<\/tr>\n<tr>\n<td valign=\"top\" width=\"344\">Ely Gon\u00e7alves<\/td>\n<\/tr>\n<tr>\n<td valign=\"top\" width=\"344\">Elza Maria Ferraz Barboza<\/td>\n<\/tr>\n<tr>\n<td valign=\"top\" width=\"344\">Eurico Antonio Calvente<\/td>\n<\/tr>\n<tr>\n<td valign=\"top\" width=\"344\">Evelina Grumberg<\/td>\n<\/tr>\n<tr>\n<td valign=\"top\" width=\"344\">Fl\u00e1vio Campos Grilho<\/td>\n<\/tr>\n<tr>\n<td valign=\"top\" width=\"344\">Fortunato Ferraz Gominho Filho<\/td>\n<\/tr>\n<tr>\n<td valign=\"top\" width=\"344\">Gen\u00e9sio de Albuquerque M. Pereira<\/td>\n<\/tr>\n<tr>\n<td valign=\"top\" width=\"344\">Gilka Goulart de Santana<\/td>\n<\/tr>\n<tr>\n<td valign=\"top\" width=\"344\">Gilson Antunes da Silva<\/td>\n<\/tr>\n<tr>\n<td valign=\"top\" width=\"344\">Gioietta Tim\u00f3teo<\/td>\n<\/tr>\n<tr>\n<td valign=\"top\" width=\"344\">Gl\u00e1ucia Cortes Abreu<\/td>\n<\/tr>\n<tr>\n<td valign=\"top\" width=\"344\">Helena \u00c1vila Teixeira<\/td>\n<\/tr>\n<tr>\n<td valign=\"top\" width=\"344\">Helena Dodd Ferrez<\/td>\n<\/tr>\n<tr>\n<td valign=\"top\" width=\"344\">Helena Maria Mussi de Carvalho<\/td>\n<\/tr>\n<tr>\n<td valign=\"top\" width=\"344\">Helena Mendes dos Santos<\/td>\n<\/tr>\n<tr>\n<td valign=\"top\" width=\"344\">Heloisa Magalh\u00e3es Duncan<\/td>\n<\/tr>\n<tr>\n<td valign=\"top\" width=\"344\">Hilda Machado<\/td>\n<\/tr>\n<tr>\n<td valign=\"top\" width=\"344\">Iara Correa da Costa<\/td>\n<\/tr>\n<tr>\n<td valign=\"top\" width=\"344\">Iolanda Silva<\/td>\n<\/tr>\n<tr>\n<td valign=\"top\" width=\"344\">Irapoan Cavalcanti de Lyra<\/td>\n<\/tr>\n<tr>\n<td valign=\"top\" width=\"344\">\u00cdris Ventura Cirne Guimar\u00e3es<\/td>\n<\/tr>\n<tr>\n<td valign=\"top\" width=\"344\">\u00cdtalo Campofiorito<\/td>\n<\/tr>\n<tr>\n<td valign=\"top\" width=\"344\">Ivan Celso Furtado Sarney Costa<\/td>\n<\/tr>\n<tr>\n<td valign=\"top\" width=\"344\">Izolete Costa da Silva<\/td>\n<\/tr>\n<tr>\n<td valign=\"top\" width=\"344\">Jaelson Bitran Trindade<\/td>\n<\/tr>\n<tr>\n<td valign=\"top\" width=\"344\">Jair Leal Piantino<\/td>\n<\/tr>\n<tr>\n<td valign=\"top\" width=\"344\">Jeannette da Silva Alves<\/td>\n<\/tr>\n<tr>\n<td valign=\"top\" width=\"344\">Jo\u00e3o de Souza Leite<\/td>\n<\/tr>\n<tr>\n<td valign=\"top\" width=\"344\">Joaquim Alcides Toledo Ribeiro<\/td>\n<\/tr>\n<tr>\n<td valign=\"top\" width=\"344\">Jorge Cordeiro de Melo<\/td>\n<\/tr>\n<tr>\n<td valign=\"top\" width=\"344\">Jorge Derenji<\/td>\n<\/tr>\n<tr>\n<td valign=\"top\" width=\"344\">Jorge Ten\u00f3rio Lucchesi<\/td>\n<\/tr>\n<tr>\n<td valign=\"top\" width=\"344\">Jos\u00e9 Ant\u00f4nio Nonato Duque e Barros<\/td>\n<\/tr>\n<tr>\n<td valign=\"top\" width=\"344\">Jos\u00e9 Artur Botelho Pereira<\/td>\n<\/tr>\n<tr>\n<td valign=\"top\" width=\"344\">JOS\u00c9 CARVALHO MOTTA<\/td>\n<\/tr>\n<tr>\n<td valign=\"top\" width=\"344\">Jos\u00e9 de Anchieta Leal<\/td>\n<\/tr>\n<tr>\n<td valign=\"top\" width=\"344\">Jos\u00e9 Fernando da Costa Madeira<\/td>\n<\/tr>\n<tr>\n<td valign=\"top\" width=\"344\">Jos\u00e9 Floriano Gomes da Silva<\/td>\n<\/tr>\n<tr>\n<td valign=\"top\" width=\"344\">Jos\u00e9 Hailon Gomide<\/td>\n<\/tr>\n<tr>\n<td valign=\"top\" width=\"344\">Jos\u00e9 La Pastina Filho<\/td>\n<\/tr>\n<tr>\n<td valign=\"top\" width=\"344\">Jos\u00e9 Leme Galv\u00e3o Junior<\/td>\n<\/tr>\n<tr>\n<td valign=\"top\" width=\"344\">Jos\u00e9 Ribeiro de Castro Neto<\/td>\n<\/tr>\n<tr>\n<td valign=\"top\" width=\"344\">Jos\u00e9 Roberto Ferreira<\/td>\n<\/tr>\n<tr>\n<td valign=\"top\" width=\"344\">Jos\u00e9 Rui de Guimar\u00e3es Mour\u00e3o<\/td>\n<\/tr>\n<tr>\n<td valign=\"top\" width=\"344\">Jos\u00e9 Silva Quintas<\/td>\n<\/tr>\n<tr>\n<td valign=\"top\" width=\"344\">Jos\u00e9 Silva Ribeiro<\/td>\n<\/tr>\n<tr>\n<td valign=\"top\" width=\"344\">Jos\u00e9 Valter Nunes<\/td>\n<\/tr>\n<tr>\n<td valign=\"top\" width=\"344\">Jos\u00e9 Waldemar Tabacow<\/td>\n<\/tr>\n<tr>\n<td valign=\"top\" width=\"344\">Julio Nicolau Barros de Curtis<\/td>\n<\/tr>\n<tr>\n<td valign=\"top\" width=\"344\">Jurema Kopke Eis Arnaut<\/td>\n<\/tr>\n<tr>\n<td valign=\"top\" width=\"344\">Lauro Augusto de Paiva Cavalcanti<\/td>\n<\/tr>\n<tr>\n<td valign=\"top\" width=\"344\">Leila Zebulum<\/td>\n<\/tr>\n<tr>\n<td valign=\"top\" width=\"344\">Lelison Almeida Santos<\/td>\n<\/tr>\n<tr>\n<td valign=\"top\" width=\"344\">Lia Motta<\/td>\n<\/tr>\n<tr>\n<td valign=\"top\" width=\"344\">L\u00edlian Helena Lima Barretto<\/td>\n<\/tr>\n<tr>\n<td valign=\"top\" width=\"344\">L\u00edlian Maria J. S\u00e1 Freire de Souza<\/td>\n<\/tr>\n<tr>\n<td valign=\"top\" width=\"344\">Livia Romanelli D\u00b4Assunp\u00e7\u00e3o<\/td>\n<\/tr>\n<tr>\n<td valign=\"top\" width=\"344\">Luis Antonio Volcato Cust\u00f3dio<\/td>\n<\/tr>\n<tr>\n<td valign=\"top\" width=\"344\">Luiz Antonio Macedo Ewbank<\/td>\n<\/tr>\n<tr>\n<td valign=\"top\" width=\"344\">Luiz Carlos Ferreira Neves<\/td>\n<\/tr>\n<tr>\n<td valign=\"top\" width=\"344\">Luiz Carlos Oliveira Boeckel<\/td>\n<\/tr>\n<tr>\n<td valign=\"top\" width=\"344\">Luiz Fernando Pereira das N. Franco<\/td>\n<\/tr>\n<tr>\n<td valign=\"top\" width=\"344\">Luiz Roberto Dias dos Santos<\/td>\n<\/tr>\n<tr>\n<td valign=\"top\" width=\"344\">Luiz Sergio L. Mendon\u00e7a Bittencourt<\/td>\n<\/tr>\n<tr>\n<td valign=\"top\" width=\"344\">Lygia Martins Costa<\/td>\n<\/tr>\n<tr>\n<td valign=\"top\" width=\"344\">Magaly Cardoso Oberlaender<\/td>\n<\/tr>\n<tr>\n<td valign=\"top\" width=\"344\">Manoel Dias Machado<\/td>\n<\/tr>\n<tr>\n<td valign=\"top\" width=\"344\">Marcelo Mattos Ara\u00fajo<\/td>\n<\/tr>\n<tr>\n<td valign=\"top\" width=\"344\">Marco Antonio da Silva Ramos<\/td>\n<\/tr>\n<tr>\n<td valign=\"top\" width=\"344\">Marco Antonio de Faria Galv\u00e3o<\/td>\n<\/tr>\n<tr>\n<td valign=\"top\" width=\"344\">Marcos Jos\u00e9 Carrilho<\/td>\n<\/tr>\n<tr>\n<td valign=\"top\" width=\"344\">MARCOS VIN\u00cdCIUS DE LAMONICA FREIRE<\/td>\n<\/tr>\n<tr>\n<td valign=\"top\" width=\"344\">Marcus Tadeu Daniel Ribeiro<\/td>\n<\/tr>\n<tr>\n<td valign=\"top\" width=\"344\">Maria Alice Siaines de Castro<\/td>\n<\/tr>\n<tr>\n<td valign=\"top\" width=\"344\">Maria Antonia Barreiro Lopes<\/td>\n<\/tr>\n<tr>\n<td valign=\"top\" width=\"344\">Maria Augusta Meirelles Coelho<\/td>\n<\/tr>\n<tr>\n<td valign=\"top\" width=\"344\">Maria Bernadete Fernandes Gon\u00e7alves<\/td>\n<\/tr>\n<tr>\n<td valign=\"top\" width=\"344\">Maria Celina de Faria Silva<\/td>\n<\/tr>\n<tr>\n<td valign=\"top\" width=\"344\">Maria Cristina de Andrade Coury<\/td>\n<\/tr>\n<tr>\n<td valign=\"top\" width=\"344\">Maria Cristina Gon\u00e7alves F. Mendes<\/td>\n<\/tr>\n<tr>\n<td valign=\"top\" width=\"344\">Maria da Concei\u00e7\u00e3o A. de Guimar\u00e3es<\/td>\n<\/tr>\n<tr>\n<td valign=\"top\" width=\"344\">Maria da Concei\u00e7\u00e3o Pereira Pimenta<\/td>\n<\/tr>\n<tr>\n<td valign=\"top\" width=\"344\">Maria da Gl\u00f3ria Veiga Moura<\/td>\n<\/tr>\n<tr>\n<td valign=\"top\" width=\"344\">Maria da Gra\u00e7a Soto Queiroz<\/td>\n<\/tr>\n<tr>\n<td valign=\"top\" width=\"344\">Maria das Dores Carneiro Gouveia<\/td>\n<\/tr>\n<tr>\n<td valign=\"top\" width=\"344\">Maria das Dores Freire<\/td>\n<\/tr>\n<tr>\n<td valign=\"top\" width=\"344\">Maria de F\u00e1tima Gomes de Souza<\/td>\n<\/tr>\n<tr>\n<td valign=\"top\" width=\"344\">Maria de Lourdes Parreiras Horta Barreto<\/td>\n<\/tr>\n<tr>\n<td valign=\"top\" width=\"344\">Maria do Socorro F. Borges e Silva<\/td>\n<\/tr>\n<tr>\n<td valign=\"top\" width=\"344\">Maria Elisa de Moraes Leonel<\/td>\n<\/tr>\n<tr>\n<td valign=\"top\" width=\"344\">Maria Em\u00edlia de Souza\u00a0 Mattos<\/td>\n<\/tr>\n<tr>\n<td valign=\"top\" width=\"344\">Maria Eug\u00eania Correa Lima<\/td>\n<\/tr>\n<tr>\n<td valign=\"top\" width=\"344\">Maria Eva da Silva<\/td>\n<\/tr>\n<tr>\n<td valign=\"top\" width=\"344\">Maria Gabriella\u00a0 Pestana\u00a0 de\u00a0 Aguiar Pantigoso<\/td>\n<\/tr>\n<tr>\n<td valign=\"top\" width=\"344\">Maria Helena G.S. Mendes<\/td>\n<\/tr>\n<tr>\n<td valign=\"top\" width=\"344\">Maria Helena Siqueira Rodrigues<\/td>\n<\/tr>\n<tr>\n<td valign=\"top\" width=\"344\">Maria Jos\u00e9 de Assun\u00e7\u00e3o da Cunha<\/td>\n<\/tr>\n<tr>\n<td valign=\"top\" width=\"344\">Maria Let\u00edcia de Salles R. de Campos<\/td>\n<\/tr>\n<tr>\n<td valign=\"top\" width=\"344\">Maria L\u00facia Faria Rodrigues<\/td>\n<\/tr>\n<tr>\n<td valign=\"top\" width=\"344\">Maria Luiza Brand\u00e3o<\/td>\n<\/tr>\n<tr>\n<td valign=\"top\" width=\"344\">Maria Luiza Querini<\/td>\n<\/tr>\n<tr>\n<td valign=\"top\" width=\"344\">Maria Teresa Costa Correia da Silva<\/td>\n<\/tr>\n<tr>\n<td valign=\"top\" width=\"344\">Marinea da Silva Iack<\/td>\n<\/tr>\n<tr>\n<td valign=\"top\" width=\"344\">Mario Edson Ferreira Andrade<\/td>\n<\/tr>\n<tr>\n<td valign=\"top\" width=\"344\">Mario Mendon\u00e7a de Oliveira<\/td>\n<\/tr>\n<tr>\n<td valign=\"top\" width=\"344\">Marta Queiroga Amoroso Anast\u00e1cio<\/td>\n<\/tr>\n<tr>\n<td valign=\"top\" width=\"344\">Mauro David Artur Bondi<\/td>\n<\/tr>\n<tr>\n<td valign=\"top\" width=\"344\">Mauro Jorge Cunha Chaves<\/td>\n<\/tr>\n<tr>\n<td valign=\"top\" width=\"344\">M\u00f4nica de F\u00e1tima Massara<\/td>\n<\/tr>\n<tr>\n<td valign=\"top\" width=\"344\">Murilo Alves\u00a0 Nunes<\/td>\n<\/tr>\n<tr>\n<td valign=\"top\" width=\"344\">Murilo Ivam Lellis da Silva<\/td>\n<\/tr>\n<tr>\n<td valign=\"top\" width=\"344\">Myriam Andrade Ribeiro de Oliveira<\/td>\n<\/tr>\n<tr>\n<td valign=\"top\" width=\"344\">Nadir Gomes Franco Lima<\/td>\n<\/tr>\n<tr>\n<td valign=\"top\" width=\"344\">Nancy Alessio Magalh\u00e3es<\/td>\n<\/tr>\n<tr>\n<td valign=\"top\" width=\"344\">Nancy Castro Nunes<\/td>\n<\/tr>\n<tr>\n<td valign=\"top\" width=\"344\">Neyde Gomes de Oliveira<\/td>\n<\/tr>\n<tr>\n<td valign=\"top\" width=\"344\">Noemi Silva Ribeiro<\/td>\n<\/tr>\n<tr>\n<td valign=\"top\" width=\"344\">Norma Carreira Peregrini<\/td>\n<\/tr>\n<tr>\n<td valign=\"top\" width=\"344\">ODETTE CARNEIRO LAPA<\/td>\n<\/tr>\n<tr>\n<td valign=\"top\" width=\"344\">OLYMPIO JOS\u00c9 TRINDADE SERRA<\/td>\n<\/tr>\n<tr>\n<td valign=\"top\" width=\"344\">Oswaldo Luiz Ribeiro<\/td>\n<\/tr>\n<tr>\n<td valign=\"top\" width=\"344\">Paulo C\u00e9sar Azevedo Ribeiro<\/td>\n<\/tr>\n<tr>\n<td valign=\"top\" width=\"344\">Pedro Martins Caldas Xexeo<\/td>\n<\/tr>\n<tr>\n<td valign=\"top\" width=\"344\">PEDRO PAULO DE ALBUQUERQUE<\/td>\n<\/tr>\n<tr>\n<td valign=\"top\" width=\"344\">Regina Coeli Pinheiro da Silva<\/td>\n<\/tr>\n<tr>\n<td valign=\"top\" width=\"344\">Regina Maria Magalh\u00e3es de Almeida<\/td>\n<\/tr>\n<tr>\n<td valign=\"top\" width=\"344\">Rejane Maria Lobo Vieira<\/td>\n<\/tr>\n<tr>\n<td valign=\"top\" width=\"344\">Ricardo Silva de Hollanda<\/td>\n<\/tr>\n<tr>\n<td valign=\"top\" width=\"344\">Roberto Bevilacqua Otero<\/td>\n<\/tr>\n<tr>\n<td valign=\"top\" width=\"344\">Roberto Sabato Cl\u00e1udio Moreira<\/td>\n<\/tr>\n<tr>\n<td valign=\"top\" width=\"344\">Rog\u00e9rio Jos\u00e9 Dias<\/td>\n<\/tr>\n<tr>\n<td valign=\"top\" width=\"344\">Rosmary Otterbach<\/td>\n<\/tr>\n<tr>\n<td valign=\"top\" width=\"344\">Rubens Rocha<\/td>\n<\/tr>\n<tr>\n<td valign=\"top\" width=\"344\">Ruth Coelho de Castro<\/td>\n<\/tr>\n<tr>\n<td valign=\"top\" width=\"344\">Sabino Machado Barroso<\/td>\n<\/tr>\n<tr>\n<td valign=\"top\" width=\"344\">Sarah Fassa Benchetrit<\/td>\n<\/tr>\n<tr>\n<td valign=\"top\" width=\"344\">S\u00e9rgio da Silva Abrah\u00e3o<\/td>\n<\/tr>\n<tr>\n<td valign=\"top\" width=\"344\">Sergio Franco Flores<\/td>\n<\/tr>\n<tr>\n<td valign=\"top\" width=\"344\">S\u00e9rgio Guimar\u00e3es Lima<\/td>\n<\/tr>\n<tr>\n<td valign=\"top\" width=\"344\">Sergio Jos\u00e9 Fagundes Sousa Lima<\/td>\n<\/tr>\n<tr>\n<td valign=\"top\" width=\"344\">Siderea Sousa Nunes<\/td>\n<\/tr>\n<tr>\n<td valign=\"top\" width=\"344\">Silvia Nunes de Oliveira Puccioni<\/td>\n<\/tr>\n<tr>\n<td valign=\"top\" width=\"344\">Sista Souza dos Santos<\/td>\n<\/tr>\n<tr>\n<td valign=\"top\" width=\"344\">Solange de Sampaio Godoy<\/td>\n<\/tr>\n<tr>\n<td valign=\"top\" width=\"344\">Solange Pamplona de Souza<\/td>\n<\/tr>\n<tr>\n<td valign=\"top\" width=\"344\">Sueli Maria Perucci Esteves<\/td>\n<\/tr>\n<tr>\n<td valign=\"top\" width=\"344\">Suely de Godoy Weisz<\/td>\n<\/tr>\n<tr>\n<td valign=\"top\" width=\"344\">Sydney Sergio Fernandes Solis<\/td>\n<\/tr>\n<tr>\n<td valign=\"top\" width=\"344\">Sylvia Beatriz de Garcia Monerat<\/td>\n<\/tr>\n<tr>\n<td valign=\"top\" width=\"344\">Sylvia Maria Nelo Braga<\/td>\n<\/tr>\n<tr>\n<td valign=\"top\" width=\"344\">Sylvia Regina Bahiense Naves<\/td>\n<\/tr>\n<tr>\n<td valign=\"top\" width=\"344\">Sylvio Clemente da Motta<\/td>\n<\/tr>\n<tr>\n<td valign=\"top\" width=\"344\">Teresinha de Jesus C.M. Barbosa<\/td>\n<\/tr>\n<tr>\n<td valign=\"top\" width=\"344\">Tereza Beatriz da Rosa Miguel<\/td>\n<\/tr>\n<tr>\n<td valign=\"top\" width=\"344\">Tereza Carolina Frota de Abreu<\/td>\n<\/tr>\n<tr>\n<td valign=\"top\" width=\"344\">Tereza Maria Cotrim de Paiva Chaves<\/td>\n<\/tr>\n<tr>\n<td valign=\"top\" width=\"344\">Therezinha da Costa R. Nascimento<\/td>\n<\/tr>\n<tr>\n<td valign=\"top\" width=\"344\">Tur\u00edbio Soares Santos<\/td>\n<\/tr>\n<tr>\n<td valign=\"top\" width=\"344\">Ubiratan Jos\u00e9 de Freitas<\/td>\n<\/tr>\n<tr>\n<td valign=\"top\" width=\"344\">Vanise Rangel Alecrim<\/td>\n<\/tr>\n<tr>\n<td valign=\"top\" width=\"344\">Vera L\u00facia Bottrel Tostes<\/td>\n<\/tr>\n<tr>\n<td valign=\"top\" width=\"344\">Vera L\u00facia Medina Coeli<\/td>\n<\/tr>\n<tr>\n<td valign=\"top\" width=\"344\">Vera L\u00facia Rebou\u00e7as Lyra<\/td>\n<\/tr>\n<tr>\n<td valign=\"top\" width=\"344\">Vera Regina Lemos Forman<\/td>\n<\/tr>\n<tr>\n<td valign=\"top\" width=\"344\">Victor Hugo Mori<\/td>\n<\/tr>\n<tr>\n<td valign=\"top\" width=\"344\">Virginia Papaiz Alvarenga Prazeres<\/td>\n<\/tr>\n<tr>\n<td valign=\"top\" width=\"344\">Wanda Martins Loredo<\/td>\n<\/tr>\n<tr>\n<td valign=\"top\" width=\"344\">Wilma Iglesias<\/td>\n<\/tr>\n<tr>\n<td valign=\"top\" width=\"344\">Wilson Fernando dos Santos<\/td>\n<\/tr>\n<tr>\n<td valign=\"top\" width=\"344\">XAVIER REN\u00c9 ALBERT MAUREAU<\/td>\n<\/tr>\n<tr>\n<td valign=\"top\" width=\"344\">Yara Ferreira dos Santos<\/td>\n<\/tr>\n<tr>\n<td valign=\"top\" width=\"344\">Yara Mattos<\/td>\n<\/tr>\n<tr>\n<td valign=\"top\" width=\"344\">Zulmira Can\u00e1rio Pope<\/td>\n<\/tr>\n<tr>\n<td valign=\"top\" width=\"344\">Zuzana Paternostro<\/td>\n<\/tr>\n<\/tbody>\n<\/table>\n<p>&nbsp;<\/p>\n","protected":false},"excerpt":{"rendered":"<p>PROCESSO DO DISS\u00cdDIO COLETIVO DE 1989 Prezados Associados e Colegas. Favor verificar se seu nome consta na lista anexa onde est\u00e3o arrolados os servidores que devem contatar a Asphan com urg\u00eancia. Aqueles que j\u00e1 foram contatados ontem e hoje, por email, j\u00e1 est\u00e3o cientes do assunto mas os demais devem enviar, com urg\u00eancia, email para [&hellip;]<\/p>\n","protected":false},"author":1,"featured_media":0,"comment_status":"closed","ping_status":"closed","sticky":false,"template":"","format":"standard","meta":{"_bbp_topic_count":0,"_bbp_reply_count":0,"_bbp_total_topic_count":0,"_bbp_total_reply_count":0,"_bbp_voice_count":0,"_bbp_anonymous_reply_count":0,"_bbp_topic_count_hidden":0,"_bbp_reply_count_hidden":0,"_bbp_forum_subforum_count":0,"ngg_post_thumbnail":0,"_links_to":"","_links_to_target":""},"categories":[21,17],"tags":[],"_links":{"self":[{"href":"http:\/\/www.asphan.org.br\/index.php\/wp-json\/wp\/v2\/posts\/472"}],"collection":[{"href":"http:\/\/www.asphan.org.br\/index.php\/wp-json\/wp\/v2\/posts"}],"about":[{"href":"http:\/\/www.asphan.org.br\/index.php\/wp-json\/wp\/v2\/types\/post"}],"author":[{"embeddable":true,"href":"http:\/\/www.asphan.org.br\/index.php\/wp-json\/wp\/v2\/users\/1"}],"replies":[{"embeddable":true,"href":"http:\/\/www.asphan.org.br\/index.php\/wp-json\/wp\/v2\/comments?post=472"}],"version-history":[{"count":6,"href":"http:\/\/www.asphan.org.br\/index.php\/wp-json\/wp\/v2\/posts\/472\/revisions"}],"predecessor-version":[{"id":1153,"href":"http:\/\/www.asphan.org.br\/index.php\/wp-json\/wp\/v2\/posts\/472\/revisions\/1153"}],"wp:attachment":[{"href":"http:\/\/www.asphan.org.br\/index.php\/wp-json\/wp\/v2\/media?parent=472"}],"wp:term":[{"taxonomy":"category","embeddable":true,"href":"http:\/\/www.asphan.org.br\/index.php\/wp-json\/wp\/v2\/categories?post=472"},{"taxonomy":"post_tag","embeddable":true,"href":"http:\/\/www.asphan.org.br\/index.php\/wp-json\/wp\/v2\/tags?post=472"}],"curies":[{"name":"wp","href":"https:\/\/api.w.org\/{rel}","templated":true}]}}