{"id":499,"date":"2013-04-19T19:42:30","date_gmt":"2013-04-19T19:42:30","guid":{"rendered":"http:\/\/www.asphan.org.br\/?p=499"},"modified":"2016-03-09T23:59:45","modified_gmt":"2016-03-10T02:59:45","slug":"comunicado-18042013","status":"publish","type":"post","link":"http:\/\/www.asphan.org.br\/index.php\/comunicado-18042013","title":{"rendered":"COMUNICADO 18\/04\/2013"},"content":{"rendered":"<p style=\"text-align: justify;\" align=\"center\"><b>PROCESSO DO DISS\u00cdDIO COLETIVO DE 1989<\/b><\/p>\n<p style=\"text-align: justify;\" align=\"center\"><b>SITUA\u00c7AO ATUALIZADA<\/b><\/p>\n<p style=\"text-align: justify;\" align=\"center\">Prezados Associados e Colegas.<\/p>\n<p style=\"text-align: justify;\">O processo referido encontra-se, no momento, no Minist\u00e9rio P\u00fablico do Trabalho, para ci\u00eancia, j\u00e1 tendo passado pela AGU\/Iphan para atualiza\u00e7\u00e3o dos c\u00e1lculos.<\/p>\n<p style=\"text-align: justify;\">A <span style=\"text-decoration: underline;\">expectativa<\/span> \u00e9 a de que a decis\u00e3o da Ju\u00edza, de finalizar o processo este ano, seja concretizada, lembrando que todos os c\u00e1lculos, contas e autoriza\u00e7\u00f5es de pagamento devem estar prontos at\u00e9 o dia 30\/06\/2013. Isto para que seja poss\u00edvel ainda termos o in\u00edcio do pagamento dos RPVs \u2013 requisi\u00e7\u00f5es de pequeno valor, no 2\u02da semestre de 2013 (a partir de outubro, possivelmente). Lembramos a todos que as RPVs referem-se \u00e0s indeniza\u00e7\u00f5es de valor at\u00e9 60 sal\u00e1rios m\u00ednimos (hoje em R$ 40.680,00). Os valores superiores a isto devem ser pagos por meio de precat\u00f3rios.<\/p>\n<p style=\"text-align: justify;\">Caso haja d\u00favidas, favor contatar a associa\u00e7\u00e3o.<\/p>\n<p style=\"text-align: justify;\">Adicionalmente, informamos que, para evitar descontinuidade no acompanhamento deste processo junto \u00e0 Justi\u00e7a e junto \u00e0 representa\u00e7\u00e3o da Asphan, a Diretoria Nacional teve prorrogado seu per\u00edodo de gest\u00e3o, aprovado em Assembl\u00e9ia de Representantes em janeiro\/2013. Com isto, a atual presidente da Diretoria Nacional da Asphan, Zulmira Pope, continuar\u00e1 como representante da associa\u00e7\u00e3o nos contatos com a advogada, Dra. Cl\u00e1udia Duranti, que trata deste processo desde o in\u00edcio.<\/p>\n<p style=\"text-align: justify;\">LIGUE SEMPRE PARA A ASSOCIA\u00c7\u00c3O PARA COMUNICAR QUALQUER TIPO DE CONTATO FORA DO COMUM, SOBRE ESTE PROCESSO.<\/p>\n<p style=\"text-align: justify;\">\n<p style=\"text-align: justify;\">Atenciosamente,<\/p>\n<p style=\"text-align: justify;\">\u00a0ASPHAN \/ DIRETORIA NACIONAL<\/p>\n","protected":false},"excerpt":{"rendered":"<p>PROCESSO DO DISS\u00cdDIO COLETIVO DE 1989 SITUA\u00c7AO ATUALIZADA Prezados Associados e Colegas. O processo referido encontra-se, no momento, no Minist\u00e9rio P\u00fablico do Trabalho, para ci\u00eancia, j\u00e1 tendo passado pela AGU\/Iphan para atualiza\u00e7\u00e3o dos c\u00e1lculos. A expectativa \u00e9 a de que a decis\u00e3o da Ju\u00edza, de finalizar o processo este ano, seja concretizada, lembrando que todos [&hellip;]<\/p>\n","protected":false},"author":1,"featured_media":0,"comment_status":"closed","ping_status":"closed","sticky":false,"template":"","format":"standard","meta":{"_bbp_topic_count":0,"_bbp_reply_count":0,"_bbp_total_topic_count":0,"_bbp_total_reply_count":0,"_bbp_voice_count":0,"_bbp_anonymous_reply_count":0,"_bbp_topic_count_hidden":0,"_bbp_reply_count_hidden":0,"_bbp_forum_subforum_count":0,"ngg_post_thumbnail":0,"_links_to":"","_links_to_target":""},"categories":[21,17],"tags":[],"_links":{"self":[{"href":"http:\/\/www.asphan.org.br\/index.php\/wp-json\/wp\/v2\/posts\/499"}],"collection":[{"href":"http:\/\/www.asphan.org.br\/index.php\/wp-json\/wp\/v2\/posts"}],"about":[{"href":"http:\/\/www.asphan.org.br\/index.php\/wp-json\/wp\/v2\/types\/post"}],"author":[{"embeddable":true,"href":"http:\/\/www.asphan.org.br\/index.php\/wp-json\/wp\/v2\/users\/1"}],"replies":[{"embeddable":true,"href":"http:\/\/www.asphan.org.br\/index.php\/wp-json\/wp\/v2\/comments?post=499"}],"version-history":[{"count":3,"href":"http:\/\/www.asphan.org.br\/index.php\/wp-json\/wp\/v2\/posts\/499\/revisions"}],"predecessor-version":[{"id":1152,"href":"http:\/\/www.asphan.org.br\/index.php\/wp-json\/wp\/v2\/posts\/499\/revisions\/1152"}],"wp:attachment":[{"href":"http:\/\/www.asphan.org.br\/index.php\/wp-json\/wp\/v2\/media?parent=499"}],"wp:term":[{"taxonomy":"category","embeddable":true,"href":"http:\/\/www.asphan.org.br\/index.php\/wp-json\/wp\/v2\/categories?post=499"},{"taxonomy":"post_tag","embeddable":true,"href":"http:\/\/www.asphan.org.br\/index.php\/wp-json\/wp\/v2\/tags?post=499"}],"curies":[{"name":"wp","href":"https:\/\/api.w.org\/{rel}","templated":true}]}}