{"id":509,"date":"2013-05-17T17:43:53","date_gmt":"2013-05-17T17:43:53","guid":{"rendered":"http:\/\/www.asphan.org.br\/?p=509"},"modified":"2016-03-09T23:59:45","modified_gmt":"2016-03-10T02:59:45","slug":"comunicado-17-052013","status":"publish","type":"post","link":"http:\/\/www.asphan.org.br\/index.php\/comunicado-17-052013","title":{"rendered":"COMUNICADO 17\/05\/2013"},"content":{"rendered":"<p><strong>PROCESSO DO DISS\u00cdDIO COLETIVO DE 1989<\/strong><\/p>\n<p>Prezados Associados e Colegas,<\/p>\n<p>Solicitamos aos colegas inclu\u00eddos na lista abaixo que entrem em contato<br \/>\nURGENTE com nossa Secretaria para informa\u00e7\u00f5es sobre assunto de seu<br \/>\ninteresse.<\/p>\n<p>O contato pode ser feito pelos telefones (021) 2283-6008 ou 2283-8111 ou<br \/>\npelo correio eletr\u00f4nico: <a href=\"mailto:asphandn@superig.com.br\">asphandn@superig.com.br<\/a> ou <a href=\"mailto:presidencia.asphan@superig.com.br\">presidencia.asphan@superig.com.br<\/a><\/p>\n<p>Atenciosamente,<br \/>\nASPHAN \/ DIRETORIA NACIONAL<\/p>\n<p>Adilson Alves Paes \u2013 9<br \/>\nAna L\u00facia Nascente S. Abrahim \u2013 1012<br \/>\n\u00c2ngela Maria de Oliveira Paiva &#8211; 72<br \/>\nAntonio Henrique Alexandre &#8211; 1389<br \/>\nAntonio Jos\u00e9  Bernini \u2013 1019<br \/>\nAriston Jos\u00e9 Correa Filho &#8211; 113<br \/>\nAugusto Moreno Maia &#8211; 1024<br \/>\nBerenice Marques de Carvalho Jambo &#8211; 134<br \/>\nCarlos Alberto Machado &#8211; 141<br \/>\nCarlos Alberto Pereira &#8211; 143<br \/>\nCarlos Alberto Ribeiro de Xavier &#8211; 1393<br \/>\nCarlos Gutierrez F. Cerqueira &#8211; 152<br \/>\nCarlos Roberto Padilha Areas &#8211; 1394<br \/>\nCeleste Helena dos Santos Barbosa \u2013 1030<br \/>\nC\u00e9lia Corsino &#8211; 165<br \/>\nC\u00edcero Silva Junior &#8211; 177<br \/>\nCinthia Kury Souto de C. Barbosa \u2013 179<br \/>\nCl\u00e1udio Jorge da Cruz Santana \u2013 1037<br \/>\nCl\u00e1udio Marcus Augusto de Melo \u2013 196<br \/>\nDalmo Vieira Filho &#8211; 208<br \/>\nDelano Abrunhosa de Souza &#8211; 1398<br \/>\nD\u00edlson Falc\u00e3o do Nascimento &#8211; 226<br \/>\nEdson Miranda Borges &#8211; 258<br \/>\nEdval Alves de Moura &#8211; 262<br \/>\nElias Queiroz &#8211; 280<br \/>\nEliene Mendes de Oliveira &#8211; 1400<br \/>\nElisabete da Silva &#8211; 1054<br \/>\nElisio Marcio de Oliveira &#8211; 286<br \/>\nElizabete Cid Varela Madeira \u2013 287<br \/>\nElza Hon\u00f3rio de Souza \u2013 1059<br \/>\nFortunato Ferraz Gominho Filho \u2013 320<br \/>\nGeraldo Celestino &#8211; 1087<br \/>\nGeraldo da Luz Ranulfo \u2013 1088<br \/>\nGeraldo Jos\u00e9 Pacheco \u2013 1091<br \/>\nGilson Bergamini Rampazzo &#8211; 335<br \/>\nHeloisa  Portela \u2013 339<br \/>\nHeloisa Magalh\u00e3es Duncan \u2013 1111<br \/>\nIlmar de Barros Albuquerque \u2013 1117<br \/>\nIolanda Silva \u2013 354<br \/>\nIrapoan Cavalcanti de Lyra &#8211; 1118<br \/>\nIsabel Cristina Castro da Rocha &#8211; 359<br \/>\nIsaias Jos\u00e9 Martins &#8211;  365<br \/>\nIvaldo Ribeiro Branco &#8211; 369<br \/>\nIvan Celso Furtado Sarney Costa &#8211; 371<br \/>\nIvanirce Gomes Dietiker &#8211; 1409<br \/>\nJacqueline Assis &#8211; 382<br \/>\nJair Augusto Ferreira \u2013 386<br \/>\nJo\u00e3o de Souza Leite &#8211; 402<br \/>\nJo\u00e3o Tadeu Gon\u00e7alves &#8211; 1413<br \/>\nJorge Luiz Oliveira da Silva &#8211; 1135<br \/>\nJos\u00e9 Cassimiro dos Reis &#8211; 452<br \/>\nJos\u00e9 Celso Moreira &#8211; 453<br \/>\nJos\u00e9 Lafayete Braga Marques &#8211; 476<br \/>\nJos\u00e9 Luiz Domingos Silvestre \u2013 1147<br \/>\nJos\u00e9 Nilton dos Santos \u2013 485<br \/>\nJos\u00e9 Osvaldo Teixeira Viana &#8211; 1153<br \/>\nJos\u00e9 Teixeira de Andrade &#8211; 502<br \/>\nJurandir Heleno da Silva &#8211; 521<br \/>\nK\u00e1tia L\u00facia Teixeira Valente &#8211; 526<br \/>\nLeda Costa de Paula &#8211; 535<br \/>\nLiliane das Gra\u00e7as Giardini &#8211; 546<br \/>\nLuis Antonio Volcato Cust\u00f3dio \u2013 561<br \/>\nLuis Carneiro de Castro &#8211; 564<br \/>\nLuiz Alberto F.G. de Z. Samaniego &#8211; 1183<br \/>\nLuiz Carlos Marinho Soares &#8211; 575<br \/>\nLuiz Carlos Pellucio &#8211; 576<br \/>\nLuiz Roberto Dias dos Santos &#8211; 566<br \/>\nMagaly Cardoso Oberlaender &#8211; 595<br \/>\nMaiui Creusa Paulino- 596<br \/>\nMarcelo Bruno Ahmed &#8211; 600<br \/>\nM\u00e1rcia Maria Cabral de Oliveira \u2013 1211<br \/>\nMarcio Vianna \u2013 1215<br \/>\nMarco Antonio de Faria Galv\u00e3o \u2013 604<br \/>\nMaria Alice Siaines de Castro &#8211; 608<br \/>\nMaria Antonia Barreiro Lopes &#8211; 1231<br \/>\nMaria Christina Guido &#8211; 612<br \/>\nMaria Cristina Hofer &#8211; 1248<br \/>\nMaria da Gl\u00f3ria Gaspar &#8211; 621<br \/>\nMaria da Gra\u00e7a Soto Queiroz &#8211; 624<br \/>\nMaria das Gra\u00e7as Gomes &#8211; 627<br \/>\nMaria de Lourdes Bicalho Roque &#8211; 1253<br \/>\nMaria de Lourdes Parreiras Horta Barreto &#8211; 637<br \/>\nMaria do Carmo Almeida Cunha &#8211; 1256<br \/>\nMaria Gabriella  Pestana  de  Aguiar Pantigoso \u2013 652<br \/>\nMaria Let\u00edcia de Salles R. de Campos &#8211; 1270<br \/>\nMaria Margareth Monteiro e Silva \u2013 677<br \/>\nMaria Rosa de Carvalho Andrade &#8211; 682<br \/>\nMaria Taciana da Silva &#8211; 1281<br \/>\nMarilande Angeli &#8211; 693<br \/>\nMarilia Santos da F. Velloso &#8211; 695<br \/>\nMario Ot\u00e1vio Vieira da Silva &#8211; 703<br \/>\nMauri de Queiroz Pereira &#8211; 716<br \/>\nMauro Jorge Cunha Chaves &#8211; 1287<br \/>\nM\u00f4nica da Costa &#8211; 731<br \/>\nM\u00f4nica Muniz Melhem &#8211; 736<br \/>\nNadia Alves Porto &#8211; 1290<br \/>\nNadir Gomes Franco Lima &#8211; 1291<br \/>\nNeyde Gomes de Oliveira &#8211; 757<br \/>\nNilsa Glac\u00ea Alves Martins (ou Nilza?) &#8211; 761<br \/>\nN\u00fabia Melhem Santos &#8211; 771<br \/>\nOlga Toshigo Futemma (ou Toshiko?) &#8211; 774<br \/>\nOrivaldo Severo do Nascimento &#8211; 1301<br \/>\nOsvaldo Jos\u00e9 de Campos Melo &#8211; 1303<br \/>\nOswaldo Machado &#8211; 1302<br \/>\nPaulo Afonso Lima Soares &#8211; 786<br \/>\nPaulo Roberto Ferraz de Oliveira &#8211; 795<br \/>\nRaimundo Nonato Neves \u2013 810<br \/>\nRegina Coeli Ribeiro Os\u00f3rio &#8211; 816<br \/>\nReginaldo Tobias de Oliveira &#8211; 819<br \/>\nRejane Maria Lobo Vieira &#8211; 823<br \/>\nRenzo Augustus da Nobrega &#8211; 826<br \/>\nRoberto dos Santos &#8211; 835<br \/>\nRonney Leite Brito &#8211; 850<br \/>\nRosane Maria Lopes de F. Verleun &#8211; 854<br \/>\nRossano Lopes Bastos \u2013 862<br \/>\nSebasti\u00e3o Carlos Costa &#8211; 1342<br \/>\nSilvio Labrador Martinez &#8211; 1343<br \/>\nSista Souza dos Santos \u2013 898<br \/>\nSueli Martins Monteiro \u2013 906<br \/>\nSylvio Clemente da Motta &#8211; 1350<br \/>\nT\u00e2nia Regina Anacleto \u2013 919<br \/>\nTeresinha Callot  &#8211; 923<br \/>\nTereza Maria Cotrim de Paiva Chaves \u2013 928<br \/>\nValmir Gomes Profeta \u2013 940<br \/>\nVerino de Barros \u2013 961<br \/>\nWalter de Ara\u00fajo \u2013 979<br \/>\nWalter Lopes da Silva \u2013 980<br \/>\nWilson Alberto Hoffmann &#8211; 989<\/p>\n","protected":false},"excerpt":{"rendered":"<p>PROCESSO DO DISS\u00cdDIO COLETIVO DE 1989 Prezados Associados e Colegas, Solicitamos aos colegas inclu\u00eddos na lista abaixo que entrem em contato URGENTE com nossa Secretaria para informa\u00e7\u00f5es sobre assunto de seu interesse. O contato pode ser feito pelos telefones (021) 2283-6008 ou 2283-8111 ou pelo correio eletr\u00f4nico: asphandn@superig.com.br ou presidencia.asphan@superig.com.br Atenciosamente, ASPHAN \/ DIRETORIA NACIONAL [&hellip;]<\/p>\n","protected":false},"author":1,"featured_media":0,"comment_status":"closed","ping_status":"closed","sticky":false,"template":"","format":"standard","meta":{"_bbp_topic_count":0,"_bbp_reply_count":0,"_bbp_total_topic_count":0,"_bbp_total_reply_count":0,"_bbp_voice_count":0,"_bbp_anonymous_reply_count":0,"_bbp_topic_count_hidden":0,"_bbp_reply_count_hidden":0,"_bbp_forum_subforum_count":0,"ngg_post_thumbnail":0,"_links_to":"","_links_to_target":""},"categories":[21,17],"tags":[],"_links":{"self":[{"href":"http:\/\/www.asphan.org.br\/index.php\/wp-json\/wp\/v2\/posts\/509"}],"collection":[{"href":"http:\/\/www.asphan.org.br\/index.php\/wp-json\/wp\/v2\/posts"}],"about":[{"href":"http:\/\/www.asphan.org.br\/index.php\/wp-json\/wp\/v2\/types\/post"}],"author":[{"embeddable":true,"href":"http:\/\/www.asphan.org.br\/index.php\/wp-json\/wp\/v2\/users\/1"}],"replies":[{"embeddable":true,"href":"http:\/\/www.asphan.org.br\/index.php\/wp-json\/wp\/v2\/comments?post=509"}],"version-history":[{"count":5,"href":"http:\/\/www.asphan.org.br\/index.php\/wp-json\/wp\/v2\/posts\/509\/revisions"}],"predecessor-version":[{"id":1151,"href":"http:\/\/www.asphan.org.br\/index.php\/wp-json\/wp\/v2\/posts\/509\/revisions\/1151"}],"wp:attachment":[{"href":"http:\/\/www.asphan.org.br\/index.php\/wp-json\/wp\/v2\/media?parent=509"}],"wp:term":[{"taxonomy":"category","embeddable":true,"href":"http:\/\/www.asphan.org.br\/index.php\/wp-json\/wp\/v2\/categories?post=509"},{"taxonomy":"post_tag","embeddable":true,"href":"http:\/\/www.asphan.org.br\/index.php\/wp-json\/wp\/v2\/tags?post=509"}],"curies":[{"name":"wp","href":"https:\/\/api.w.org\/{rel}","templated":true}]}}