{"id":534,"date":"2013-06-12T13:58:34","date_gmt":"2013-06-12T13:58:34","guid":{"rendered":"http:\/\/www.asphan.org.br\/?p=534"},"modified":"2016-03-09T23:59:45","modified_gmt":"2016-03-10T02:59:45","slug":"comunicado-10062013","status":"publish","type":"post","link":"http:\/\/www.asphan.org.br\/index.php\/comunicado-10062013","title":{"rendered":"COMUNICADO 10\/06\/2013"},"content":{"rendered":"<p style=\"text-align: justify;\" align=\"center\"><b>PROCESSO DO DISS\u00cdDIO COLETIVO DE 1989<\/b><\/p>\n<p style=\"text-align: justify;\" align=\"center\"><b><\/b><b>SITUA\u00c7AO ATUALIZADA<\/b><\/p>\n<p style=\"text-align: justify;\" align=\"center\">Prezados Associados e Colegas,<\/p>\n<p>No \u00faltimo comunicado da Asphan, em 18\/04 p.p., o processo encontrava-se no Minist\u00e9rio P\u00fablico do Trabalho que acabou por manitestar-se apontando problemas nos c\u00e1lculos feitos pela AGU \/ Iphan. Isto porque a atualiza\u00e7\u00e3o dos valores foi parcial, resultando em flagrante desvantagem para os inclu\u00eddos no processo.<\/p>\n<p>Devido a isso, nossa advogada, Dra. Cl\u00e1udia Duranti, que est\u00e1 acompanhando todas as etapas do processo, reuniu-se com a Ju\u00edza para despacho no que se refere aos c\u00e1lculos, corroborando as observa\u00e7\u00f5es do MPT (falha na atualiza\u00e7\u00e3o dos valores) e enfatizando que a defasagem entre os resultados apresentados pela AGU \/ Iphan precisa ser corrigida. Ficou acordado que a correta atualiza\u00e7\u00e3o ser\u00e1 feita antes do pagamento.<\/p>\n<p>Em seguida, obedecendo ao caminho definido em novembro de 2012, a Ju\u00edza enviou o processo para a Fazenda Nacional, onde se encontra no momento, para verifica\u00e7\u00e3o de regularidade dos servidores inclu\u00eddos. Esta fase j\u00e1 conta com um fator favor\u00e1vel, em termos de tempo, devido \u00e0 pesquisa pr\u00e9via que a Asphan fez com a anexa\u00e7\u00e3o das certid\u00f5es de todos os servidores n\u00e3o falecidos.<\/p>\n<p>Mesmo assim, constatamos que o prazo \u00e9 insuficiente para se conseguir entrar com o pedido de precat\u00f3rios ainda este ano. Faltam apenas tr\u00eas semanas at\u00e9 a data final para entrada dos precat\u00f3rios e n\u00e3o h\u00e1 possibilidade de se cumprir as etapas restantes dentro deste per\u00edodo, de modo que o pagamento dos valores maiores que 60 sal\u00e1rios m\u00ednimos dever\u00e1 ser feito apenas em 2015, desde que as pr\u00f3ximas etapas de tramita\u00e7\u00e3o transcorram sem problemas, at\u00e9 30\/06\/2014.<\/p>\n<p>Para os RPVs, permanece a possibilidade de pagamento ainda este ano, no quarto trimestre, contanto que o processo siga a tramita\u00e7\u00e3o com despacho favor\u00e1vel da Ju\u00edza para rec\u00e1lculo das indeniza\u00e7\u00f5es, a homologa\u00e7\u00e3o destes valores e, a\u00ed ent\u00e3o, a emiss\u00e3o das autoriza\u00e7\u00f5es de pagamento dos valores menores.<\/p>\n<p>O processo, retornando da Fazenda Nacional para a Vara Federal, dever\u00e1 seguir para o INSS para manifesta\u00e7\u00e3o, conforme as determina\u00e7\u00f5es legais que regulamentam a tramita\u00e7\u00e3o.<\/p>\n<p>Apenas depois deste passo \u00e9 que a Ju\u00edza despachar\u00e1 sobre as manifesta\u00e7\u00f5es apresentadas, para o processo seguir, ent\u00e3o, para a correta atualiza\u00e7\u00e3o dos valores, seguindo as observa\u00e7\u00f5es registradas pelo MPT. Por este motivo, a Asphan n\u00e3o tem como divulgar valores atualizados, visto que esta quest\u00e3o ainda n\u00e3o se encontra fechada.<\/p>\n<p>Atenciosamente,<br \/>\nASPHAN \/ DIRETORIA NACIONAL<\/p>\n","protected":false},"excerpt":{"rendered":"<p>PROCESSO DO DISS\u00cdDIO COLETIVO DE 1989 SITUA\u00c7AO ATUALIZADA Prezados Associados e Colegas, No \u00faltimo comunicado da Asphan, em 18\/04 p.p., o processo encontrava-se no Minist\u00e9rio P\u00fablico do Trabalho que acabou por manitestar-se apontando problemas nos c\u00e1lculos feitos pela AGU \/ Iphan. Isto porque a atualiza\u00e7\u00e3o dos valores foi parcial, resultando em flagrante desvantagem para os [&hellip;]<\/p>\n","protected":false},"author":1,"featured_media":0,"comment_status":"closed","ping_status":"closed","sticky":false,"template":"","format":"standard","meta":{"_bbp_topic_count":0,"_bbp_reply_count":0,"_bbp_total_topic_count":0,"_bbp_total_reply_count":0,"_bbp_voice_count":0,"_bbp_anonymous_reply_count":0,"_bbp_topic_count_hidden":0,"_bbp_reply_count_hidden":0,"_bbp_forum_subforum_count":0,"ngg_post_thumbnail":0,"_links_to":"","_links_to_target":""},"categories":[21,17],"tags":[],"_links":{"self":[{"href":"http:\/\/www.asphan.org.br\/index.php\/wp-json\/wp\/v2\/posts\/534"}],"collection":[{"href":"http:\/\/www.asphan.org.br\/index.php\/wp-json\/wp\/v2\/posts"}],"about":[{"href":"http:\/\/www.asphan.org.br\/index.php\/wp-json\/wp\/v2\/types\/post"}],"author":[{"embeddable":true,"href":"http:\/\/www.asphan.org.br\/index.php\/wp-json\/wp\/v2\/users\/1"}],"replies":[{"embeddable":true,"href":"http:\/\/www.asphan.org.br\/index.php\/wp-json\/wp\/v2\/comments?post=534"}],"version-history":[{"count":3,"href":"http:\/\/www.asphan.org.br\/index.php\/wp-json\/wp\/v2\/posts\/534\/revisions"}],"predecessor-version":[{"id":536,"href":"http:\/\/www.asphan.org.br\/index.php\/wp-json\/wp\/v2\/posts\/534\/revisions\/536"}],"wp:attachment":[{"href":"http:\/\/www.asphan.org.br\/index.php\/wp-json\/wp\/v2\/media?parent=534"}],"wp:term":[{"taxonomy":"category","embeddable":true,"href":"http:\/\/www.asphan.org.br\/index.php\/wp-json\/wp\/v2\/categories?post=534"},{"taxonomy":"post_tag","embeddable":true,"href":"http:\/\/www.asphan.org.br\/index.php\/wp-json\/wp\/v2\/tags?post=534"}],"curies":[{"name":"wp","href":"https:\/\/api.w.org\/{rel}","templated":true}]}}