{"id":544,"date":"2013-10-08T16:10:21","date_gmt":"2013-10-08T16:10:21","guid":{"rendered":"http:\/\/www.asphan.org.br\/?p=544"},"modified":"2016-03-09T23:59:45","modified_gmt":"2016-03-10T02:59:45","slug":"comunicado-07-10-2013","status":"publish","type":"post","link":"http:\/\/www.asphan.org.br\/index.php\/comunicado-07-10-2013","title":{"rendered":"COMUNICADO 07\/10\/2013"},"content":{"rendered":"<p style=\"text-align: left;\" align=\"center\"><b>PROCESSO DO DISS\u00cdDIO COLETIVO DE 1989<\/b><\/p>\n<p style=\"text-align: left;\" align=\"center\"><b>SITUA\u00c7AO ATUALIZADA<\/b><\/p>\n<p style=\"text-align: left;\" align=\"center\"><b>\u00a0<\/b>Prezados Associados e Colegas.<\/p>\n<p>\u00a0Desde nosso \u00faltimo comunicado, h\u00e1 tr\u00eas meses atr\u00e1s, o processo basicamente tramitou entre a 20<sup>a<\/sup>. Vara do Trabalho (onde recebe os despachos da Ju\u00edza e onde s\u00e3o feitos os encaminhamentos para outras institui\u00e7\u00f5es), a Advocacia Geral da Uni\u00e3o &#8211; AGU e a Procuradoria Geral do INSS. Encontra-se neste \u00faltimo local desde o dia 05\/09\/2013 e deve estar para ser devolvido \u00e0 Vara do Trabalho por estes dias, visto que o prazo para pronunciamento estar definido em trinta dias.<\/p>\n<p>Ap\u00f3s sua devolu\u00e7\u00e3o, a Ju\u00edza deve enviar o processo para as partes tomarem conhecimento da manifesta\u00e7\u00e3o do INSS e, em seguida, expedir para a AGU onde ser\u00e3o calculados os valores finais das indeniza\u00e7\u00f5es. Quando a AGU terminar seu trabalho, \u00e9 prov\u00e1vel que se abra nova etapa para manifesta\u00e7\u00e3o das pessoas inclu\u00eddas no processo, no sentido de lhes dar op\u00e7\u00e3o de ren\u00fancia a precat\u00f3rio e recebimento por RPV. S\u00f3 depois \u00e9 que a Ju\u00edza finalmente homologar\u00e1 os valores de indeniza\u00e7\u00e3o.<\/p>\n<p>Avaliamos que, com a lentid\u00e3o que tem se verificado na tramita\u00e7\u00e3o deste processo e com as etapas que ainda s\u00e3o obrigat\u00f3rias para sua efetiva finaliza\u00e7\u00e3o, n\u00e3o haja possibilidade de qualquer pagamento este ano. Isto porque j\u00e1 sabemos que, depois de homologados pela Ju\u00edza os valores finais das indeniza\u00e7\u00f5es, mesmo assim ainda ter\u00edamos aproximadamente entre 3 a 4 meses para o in\u00edcio do pagamento.<\/p>\n<p>Lembramos que este processo est\u00e1 classificado como priorit\u00e1rio para tramita\u00e7\u00e3o pois a maioria das pessoas nele inclu\u00eddas j\u00e1 se encontra na faixa et\u00e1ria acima de 60 anos. Ainda assim, trata-se de processo que demanda muito trabalho por parte de todas as instancias consultadas, visto incluir um numero de participantes muito acima daquele hoje adotado para a\u00e7\u00f5es coletivas: s\u00e3o 1.443 pessoas, ao inv\u00e9s das 10 que hoje s\u00e3o aceitas para grupos pela Justi\u00e7a.<\/p>\n<p>Aproveitamos para lembrar que \u00e9 poss\u00edvel acompanhar a tramita\u00e7\u00e3o deste processo pela Internet, bastando informar seu numero no endere\u00e7o abaixo:<\/p>\n<p>N\u02da do processo : 0112200-87.1990.5.01.0020<\/p>\n<p><a href=\"http:\/\/portal2.trtrio.gov.br:7777\/portal\/page?_pageid=73,191408&amp;_dad=portal&amp;_schema=PORTAL\">http:\/\/portal2.trtrio.gov.br:7777\/portal\/page?_pageid=73,191408&amp;_dad=portal&amp;_schema=PORTAL<\/a><\/p>\n<p>Atenciosamente,<\/p>\n<p>ASPHAN \/ DIRETORIA NACIONAL<\/p>\n","protected":false},"excerpt":{"rendered":"<p>PROCESSO DO DISS\u00cdDIO COLETIVO DE 1989 SITUA\u00c7AO ATUALIZADA \u00a0Prezados Associados e Colegas. \u00a0Desde nosso \u00faltimo comunicado, h\u00e1 tr\u00eas meses atr\u00e1s, o processo basicamente tramitou entre a 20a. Vara do Trabalho (onde recebe os despachos da Ju\u00edza e onde s\u00e3o feitos os encaminhamentos para outras institui\u00e7\u00f5es), a Advocacia Geral da Uni\u00e3o &#8211; AGU e a Procuradoria [&hellip;]<\/p>\n","protected":false},"author":1,"featured_media":0,"comment_status":"closed","ping_status":"closed","sticky":false,"template":"","format":"standard","meta":{"_bbp_topic_count":0,"_bbp_reply_count":0,"_bbp_total_topic_count":0,"_bbp_total_reply_count":0,"_bbp_voice_count":0,"_bbp_anonymous_reply_count":0,"_bbp_topic_count_hidden":0,"_bbp_reply_count_hidden":0,"_bbp_forum_subforum_count":0,"ngg_post_thumbnail":0,"_links_to":"","_links_to_target":""},"categories":[21,17],"tags":[],"_links":{"self":[{"href":"http:\/\/www.asphan.org.br\/index.php\/wp-json\/wp\/v2\/posts\/544"}],"collection":[{"href":"http:\/\/www.asphan.org.br\/index.php\/wp-json\/wp\/v2\/posts"}],"about":[{"href":"http:\/\/www.asphan.org.br\/index.php\/wp-json\/wp\/v2\/types\/post"}],"author":[{"embeddable":true,"href":"http:\/\/www.asphan.org.br\/index.php\/wp-json\/wp\/v2\/users\/1"}],"replies":[{"embeddable":true,"href":"http:\/\/www.asphan.org.br\/index.php\/wp-json\/wp\/v2\/comments?post=544"}],"version-history":[{"count":5,"href":"http:\/\/www.asphan.org.br\/index.php\/wp-json\/wp\/v2\/posts\/544\/revisions"}],"predecessor-version":[{"id":1149,"href":"http:\/\/www.asphan.org.br\/index.php\/wp-json\/wp\/v2\/posts\/544\/revisions\/1149"}],"wp:attachment":[{"href":"http:\/\/www.asphan.org.br\/index.php\/wp-json\/wp\/v2\/media?parent=544"}],"wp:term":[{"taxonomy":"category","embeddable":true,"href":"http:\/\/www.asphan.org.br\/index.php\/wp-json\/wp\/v2\/categories?post=544"},{"taxonomy":"post_tag","embeddable":true,"href":"http:\/\/www.asphan.org.br\/index.php\/wp-json\/wp\/v2\/tags?post=544"}],"curies":[{"name":"wp","href":"https:\/\/api.w.org\/{rel}","templated":true}]}}