{"id":554,"date":"2013-10-15T13:37:57","date_gmt":"2013-10-15T13:37:57","guid":{"rendered":"http:\/\/www.asphan.org.br\/?p=554"},"modified":"2016-03-09T23:59:45","modified_gmt":"2016-03-10T02:59:45","slug":"comunicado-11-10-2013","status":"publish","type":"post","link":"http:\/\/www.asphan.org.br\/index.php\/comunicado-11-10-2013","title":{"rendered":"COMUNICADO 11\/10\/2013"},"content":{"rendered":"<p><b>ALERTA SOBRE CONTATOS NAO RECONHECIDOS<\/b><\/p>\n<p style=\"text-align: justify;\" align=\"center\">Prezados Associados e Colegas.<\/p>\n<p>Tem chegado \u00e0 Asphan v\u00e1rios pedidos de esclarecimentos sobre contatos feitos pela entidade ANASP (Associa\u00e7\u00e3o Nacional dos Aposentados Servidores Publicos) oferecendo servi\u00e7os jur\u00eddicos em a\u00e7\u00f5es com \u00eaxito garantido etc., mas com exig\u00eancias de dep\u00f3sitos antecipados.<\/p>\n<p>Gostar\u00edamos de afirmar que desconhecemos as qualifica\u00e7\u00f5es da referida entidade e que recomendamos a maior cautela a nossos associados e demais Servidores na assinatura de quaisquer documentos de transfer\u00eancia de direitos etc. com esta ou qualquer outra entidade. Busque sempre uma assessoria juridica reconhecida para n\u00e3o ser v\u00edtima de pessoas mal intencionadas.<\/p>\n<p>N\u00e3o sabemos como os telefones e endere\u00e7os dos aposentados do Iphan e do Ibram tem sido apropriados pela referida entidade mas enfatizamos que a ANASP n\u00e3o tem nenhuma parceria ou contato com a Asphan.<\/p>\n<p>Atenciosamente,<\/p>\n<p>ASPHAN \/ DIRETORIA NACIONAL<\/p>\n","protected":false},"excerpt":{"rendered":"<p>ALERTA SOBRE CONTATOS NAO RECONHECIDOS Prezados Associados e Colegas. Tem chegado \u00e0 Asphan v\u00e1rios pedidos de esclarecimentos sobre contatos feitos pela entidade ANASP (Associa\u00e7\u00e3o Nacional dos Aposentados Servidores Publicos) oferecendo servi\u00e7os jur\u00eddicos em a\u00e7\u00f5es com \u00eaxito garantido etc., mas com exig\u00eancias de dep\u00f3sitos antecipados. Gostar\u00edamos de afirmar que desconhecemos as qualifica\u00e7\u00f5es da referida entidade e [&hellip;]<\/p>\n","protected":false},"author":1,"featured_media":0,"comment_status":"closed","ping_status":"closed","sticky":false,"template":"","format":"standard","meta":{"_bbp_topic_count":0,"_bbp_reply_count":0,"_bbp_total_topic_count":0,"_bbp_total_reply_count":0,"_bbp_voice_count":0,"_bbp_anonymous_reply_count":0,"_bbp_topic_count_hidden":0,"_bbp_reply_count_hidden":0,"_bbp_forum_subforum_count":0,"ngg_post_thumbnail":0,"_links_to":"","_links_to_target":""},"categories":[21,17],"tags":[],"_links":{"self":[{"href":"http:\/\/www.asphan.org.br\/index.php\/wp-json\/wp\/v2\/posts\/554"}],"collection":[{"href":"http:\/\/www.asphan.org.br\/index.php\/wp-json\/wp\/v2\/posts"}],"about":[{"href":"http:\/\/www.asphan.org.br\/index.php\/wp-json\/wp\/v2\/types\/post"}],"author":[{"embeddable":true,"href":"http:\/\/www.asphan.org.br\/index.php\/wp-json\/wp\/v2\/users\/1"}],"replies":[{"embeddable":true,"href":"http:\/\/www.asphan.org.br\/index.php\/wp-json\/wp\/v2\/comments?post=554"}],"version-history":[{"count":2,"href":"http:\/\/www.asphan.org.br\/index.php\/wp-json\/wp\/v2\/posts\/554\/revisions"}],"predecessor-version":[{"id":556,"href":"http:\/\/www.asphan.org.br\/index.php\/wp-json\/wp\/v2\/posts\/554\/revisions\/556"}],"wp:attachment":[{"href":"http:\/\/www.asphan.org.br\/index.php\/wp-json\/wp\/v2\/media?parent=554"}],"wp:term":[{"taxonomy":"category","embeddable":true,"href":"http:\/\/www.asphan.org.br\/index.php\/wp-json\/wp\/v2\/categories?post=554"},{"taxonomy":"post_tag","embeddable":true,"href":"http:\/\/www.asphan.org.br\/index.php\/wp-json\/wp\/v2\/tags?post=554"}],"curies":[{"name":"wp","href":"https:\/\/api.w.org\/{rel}","templated":true}]}}