{"id":577,"date":"2013-12-09T12:04:38","date_gmt":"2013-12-09T12:04:38","guid":{"rendered":"http:\/\/www.asphan.org.br\/?p=577"},"modified":"2016-03-09T23:59:45","modified_gmt":"2016-03-10T02:59:45","slug":"comunicado-09122013","status":"publish","type":"post","link":"http:\/\/www.asphan.org.br\/index.php\/comunicado-09122013","title":{"rendered":"COMUNICADO 09\/12\/2013"},"content":{"rendered":"<p><b>PROCESSO DO DISS\u00cdDIO COLETIVO DE 1989<\/b><\/p>\n<p style=\"text-align: left;\" align=\"center\"><b>SITUA\u00c7AO ATUALIZADA<\/b><\/p>\n<p style=\"text-align: justify;\">Prezados Associados e Colegas.<\/p>\n<p style=\"text-align: justify;\">Tendo sido devolvido pela Procuradoria do INSS, que se manifestou sobre a quest\u00e3o da necessidade ou n\u00e3o dos descontos referentes \u00e0 previd\u00eancia, a Ju\u00edza despachou o processo simultaneamente para duas inst\u00e2ncias, a saber:<\/p>\n<p style=\"text-align: justify;\">1 \u2013 Fazenda Nacional, onde ser\u00e3o definidos os valores referentes aos d\u00e9bitos com o Er\u00e1rio \/ Receita Federal, para serem descontados do valor final da indeniza\u00e7\u00e3o;<\/p>\n<p style=\"text-align: justify;\">2 \u2013 Iphan, para verifica\u00e7\u00e3o do d\u00e9bito com o Er\u00e1rio \/ INSS e posterior recolhimento do que for apurado. Verificou-se, na Procuradoria do INSS, que alguns poucos servidores dever\u00e3o ter desconto de INSS no valor a receber.<\/p>\n<p style=\"text-align: justify;\">No dia 03\/12\/2013 os autos foram tamb\u00e9m remetidos para a AGU mas temos de aguardar para ter vistas ao conte\u00fado do despacho da Ju\u00edza. Sabemos que, em algum momento, o processo ter\u00e1 de passar pela AGU para atualiza\u00e7\u00e3o do valor final da indeniza\u00e7\u00e3o. Em seguida, passar\u00e1 para o Minist\u00e9rio P\u00fablico do Trabalho para uma\u00a0 verifica\u00e7\u00e3o final pois, na primeira passagem pela AGU, o MPT constatou que n\u00e3o havia sido feita a atualiza\u00e7\u00e3o integral dos c\u00e1lculos, o que dever\u00e1 ser feito agora.<\/p>\n<p style=\"text-align: justify;\">A expedi\u00e7\u00e3o dos RPVs e precat\u00f3rios est\u00e1 prevista para come\u00e7ar no final de abril \/ 2014.<\/p>\n<p style=\"text-align: justify;\">\u00a0Atenciosamente,<\/p>\n<p style=\"text-align: justify;\">\u00a0ASPHAN \/ DIRETORIA NACIONAL<\/p>\n","protected":false},"excerpt":{"rendered":"<p>PROCESSO DO DISS\u00cdDIO COLETIVO DE 1989 SITUA\u00c7AO ATUALIZADA Prezados Associados e Colegas. Tendo sido devolvido pela Procuradoria do INSS, que se manifestou sobre a quest\u00e3o da necessidade ou n\u00e3o dos descontos referentes \u00e0 previd\u00eancia, a Ju\u00edza despachou o processo simultaneamente para duas inst\u00e2ncias, a saber: 1 \u2013 Fazenda Nacional, onde ser\u00e3o definidos os valores referentes [&hellip;]<\/p>\n","protected":false},"author":1,"featured_media":0,"comment_status":"closed","ping_status":"closed","sticky":false,"template":"","format":"standard","meta":{"_bbp_topic_count":0,"_bbp_reply_count":0,"_bbp_total_topic_count":0,"_bbp_total_reply_count":0,"_bbp_voice_count":0,"_bbp_anonymous_reply_count":0,"_bbp_topic_count_hidden":0,"_bbp_reply_count_hidden":0,"_bbp_forum_subforum_count":0,"ngg_post_thumbnail":0,"_links_to":"","_links_to_target":""},"categories":[21,17],"tags":[],"_links":{"self":[{"href":"http:\/\/www.asphan.org.br\/index.php\/wp-json\/wp\/v2\/posts\/577"}],"collection":[{"href":"http:\/\/www.asphan.org.br\/index.php\/wp-json\/wp\/v2\/posts"}],"about":[{"href":"http:\/\/www.asphan.org.br\/index.php\/wp-json\/wp\/v2\/types\/post"}],"author":[{"embeddable":true,"href":"http:\/\/www.asphan.org.br\/index.php\/wp-json\/wp\/v2\/users\/1"}],"replies":[{"embeddable":true,"href":"http:\/\/www.asphan.org.br\/index.php\/wp-json\/wp\/v2\/comments?post=577"}],"version-history":[{"count":2,"href":"http:\/\/www.asphan.org.br\/index.php\/wp-json\/wp\/v2\/posts\/577\/revisions"}],"predecessor-version":[{"id":579,"href":"http:\/\/www.asphan.org.br\/index.php\/wp-json\/wp\/v2\/posts\/577\/revisions\/579"}],"wp:attachment":[{"href":"http:\/\/www.asphan.org.br\/index.php\/wp-json\/wp\/v2\/media?parent=577"}],"wp:term":[{"taxonomy":"category","embeddable":true,"href":"http:\/\/www.asphan.org.br\/index.php\/wp-json\/wp\/v2\/categories?post=577"},{"taxonomy":"post_tag","embeddable":true,"href":"http:\/\/www.asphan.org.br\/index.php\/wp-json\/wp\/v2\/tags?post=577"}],"curies":[{"name":"wp","href":"https:\/\/api.w.org\/{rel}","templated":true}]}}