{"id":595,"date":"2014-03-21T20:13:07","date_gmt":"2014-03-21T20:13:07","guid":{"rendered":"http:\/\/www.asphan.org.br\/?p=595"},"modified":"2014-03-21T20:13:32","modified_gmt":"2014-03-21T20:13:32","slug":"comunicado-21032014","status":"publish","type":"post","link":"http:\/\/www.asphan.org.br\/index.php\/comunicado-21032014","title":{"rendered":"COMUNICADO 21\/03\/2014"},"content":{"rendered":"<p><strong style=\"line-height: 1.5em;\">MUDAN\u00c7A DA SEDE DA ASPHAN<\/strong><\/p>\n<p>Prezados Associados.<\/p>\n<p>A secretaria da Asphan est\u00e1 temporariamente fechada a partir de hoje devido \u00e0 mudan\u00e7a da associa\u00e7\u00e3o para sua nova sede, a realizar-se neste fim de semana (22\/03\/2014).<\/p>\n<p>Esperamos que a partir do pr\u00f3ximo dia 31 de mar\u00e7o, 2a. feira, a Asphan j\u00e1 esteja apta a receber todos seus associados e amigos nas novas salas. Este prazo nos permitir\u00e1 organizar todo o mobili\u00e1rio e arquivos, bem como instalar equipamentos de inform\u00e1tica e comunica\u00e7\u00e3o. Os telefones da Asphan permanecer\u00e3o os mesmos (21-2283-6008 e 2283-8111).<\/p>\n<p>O endere\u00e7o \u00e9:<\/p>\n<p>AV.PRESIDENTE VARGAS, N\u02da 633, SALAS 816 E 817 \u2013 ED. PRES. KENNEDY<br \/>\nCENTRO \u2013 RIO DE JANEIRO \/ RJ \u2013 CEP 20071-004<br \/>\n(fica junto \u00e0 Esta\u00e7\u00e3o Uruguaiana do Metr\u00f4, na sa\u00edda junto \u00e0 faixa da Av. Pres. Vargas que vai em dire\u00e7\u00e3o \u00e0 Candel\u00e1ria)<\/p>\n<p>Assim, portanto, que estiver tudo funcionando, divulgaremos uma data para a inaugura\u00e7\u00e3o oficial, quando todos ser\u00e3o recebidos para conhecer a nova sede.<\/p>\n<p>Desculpando-nos pelos inconvenientes que esta interrup\u00e7\u00e3o de atendimento possa causar, informamos que os contatos, neste per\u00edodo de 21 a 31 de mar\u00e7o, podem continuar a ser feitos pelos emails da Asphan (asphandn@superig.com.br ou presidencia.asphan@superig.com.br).<\/p>\n<p>ASPHAN<br \/>\nDIRETORIA NACIONAL<\/p>\n","protected":false},"excerpt":{"rendered":"<p>MUDAN\u00c7A DA SEDE DA ASPHAN Prezados Associados. A secretaria da Asphan est\u00e1 temporariamente fechada a partir de hoje devido \u00e0 mudan\u00e7a da associa\u00e7\u00e3o para sua nova sede, a realizar-se neste fim de semana (22\/03\/2014). Esperamos que a partir do pr\u00f3ximo dia 31 de mar\u00e7o, 2a. feira, a Asphan j\u00e1 esteja apta a receber todos seus [&hellip;]<\/p>\n","protected":false},"author":1,"featured_media":0,"comment_status":"closed","ping_status":"closed","sticky":false,"template":"","format":"standard","meta":{"_bbp_topic_count":0,"_bbp_reply_count":0,"_bbp_total_topic_count":0,"_bbp_total_reply_count":0,"_bbp_voice_count":0,"_bbp_anonymous_reply_count":0,"_bbp_topic_count_hidden":0,"_bbp_reply_count_hidden":0,"_bbp_forum_subforum_count":0,"ngg_post_thumbnail":0,"_links_to":"","_links_to_target":""},"categories":[18],"tags":[],"_links":{"self":[{"href":"http:\/\/www.asphan.org.br\/index.php\/wp-json\/wp\/v2\/posts\/595"}],"collection":[{"href":"http:\/\/www.asphan.org.br\/index.php\/wp-json\/wp\/v2\/posts"}],"about":[{"href":"http:\/\/www.asphan.org.br\/index.php\/wp-json\/wp\/v2\/types\/post"}],"author":[{"embeddable":true,"href":"http:\/\/www.asphan.org.br\/index.php\/wp-json\/wp\/v2\/users\/1"}],"replies":[{"embeddable":true,"href":"http:\/\/www.asphan.org.br\/index.php\/wp-json\/wp\/v2\/comments?post=595"}],"version-history":[{"count":2,"href":"http:\/\/www.asphan.org.br\/index.php\/wp-json\/wp\/v2\/posts\/595\/revisions"}],"predecessor-version":[{"id":597,"href":"http:\/\/www.asphan.org.br\/index.php\/wp-json\/wp\/v2\/posts\/595\/revisions\/597"}],"wp:attachment":[{"href":"http:\/\/www.asphan.org.br\/index.php\/wp-json\/wp\/v2\/media?parent=595"}],"wp:term":[{"taxonomy":"category","embeddable":true,"href":"http:\/\/www.asphan.org.br\/index.php\/wp-json\/wp\/v2\/categories?post=595"},{"taxonomy":"post_tag","embeddable":true,"href":"http:\/\/www.asphan.org.br\/index.php\/wp-json\/wp\/v2\/tags?post=595"}],"curies":[{"name":"wp","href":"https:\/\/api.w.org\/{rel}","templated":true}]}}