{"id":600,"date":"2014-04-11T20:03:44","date_gmt":"2014-04-11T20:03:44","guid":{"rendered":"http:\/\/www.asphan.org.br\/?p=600"},"modified":"2016-03-09T23:59:45","modified_gmt":"2016-03-10T02:59:45","slug":"comunicado-03042014","status":"publish","type":"post","link":"http:\/\/www.asphan.org.br\/index.php\/comunicado-03042014","title":{"rendered":"COMUNICADO 03\/04\/2014"},"content":{"rendered":"<p><strong>PROCESSO DO DISS\u00cdDIO COLETIVO DE 1989<\/strong><br \/>\n<strong>SITUA\u00c7AO ATUALIZADA<\/strong><\/p>\n<p>Prezados Associados e Colegas.<\/p>\n<p>Dando prosseguimento ao que foi divulgado no dia 13\/09\/2013, informamos\u00a0que o processo, no momento, encontra-se na 20a. Vara Federal, aguardando\u00a0despacho da Ju\u00edza. Desde aquele comunicado n\u00e3o hav\u00edamos nos pronunciado\u00a0porque n\u00e3o havia nenhuma informa\u00e7\u00e3o de relevo.<\/p>\n<p>Fazendo um resumo dos movimentos anteriores temos:<\/p>\n<ul>\n<li>Dia 03\/12\/2013: autos remetidos para a AGU.<\/li>\n<li>Dia 12\/02\/2014: AGU devolve o processo para a vara federal, com uma\u00a0peti\u00e7\u00e3o.<\/li>\n<li>Dia 14\/03\/2014: Ju\u00edza despacha para a advogada do autor (Senalba, que\u00a0nos representa) para que se manifeste sobre a peti\u00e7\u00e3o da AGU. Este\u00a0despacho \u00e9 publicado no dia 17\/03\/2014 (DORJ. Parte III &#8211; Poder\u00a0Judici\u00e1rio. 20 VT\/RJ, v. 40, n. 48, p. 29)<\/li>\n<li>Dia 18\/03\/2014: nossa advogada pega o processo para examinar peti\u00e7\u00e3o\u00a0da AGU.<\/li>\n<li>Dia 27\/03\/2014: nossa advogada entrega manifesta\u00e7\u00e3o \u00e0 Ju\u00edza.<\/li>\n<\/ul>\n<p>Est\u00e1, portanto, registrado que o andamento do processo arrasta-se quando\u00a0passa pela AGU, que representa o IPHAN, r\u00e9u desta a\u00e7\u00e3o.<\/p>\n<p>A peti\u00e7\u00e3o da AGU, apresentada \u00e0 Ju\u00edza no dia 12\/02\/2014, questionou itens\u00a0que j\u00e1 estavam resolvidos dentro do processo, o que foi apontado na manifesta\u00e7\u00e3o\u00a0de nossa advogada, entregue para a Ju\u00edza no dia 7\/03\/2014, dentro do prazo de\u00a010 (dez) dias que t\u00ednhamos.<\/p>\n<p>Ficou alterada, portanto, toda previs\u00e3o de in\u00edcio de expedi\u00e7\u00e3o das requisi\u00e7\u00f5es\u00a0de pequeno valor (RPVs) e precat\u00f3rios por causa deste atraso da AGU.\u00a0Ressaltamos, ainda, que n\u00e3o se deve entender expedi\u00e7\u00e3o de ordens de pagamento\u00a0como o pr\u00f3prio pagamento em si.<\/p>\n<p>A expedi\u00e7\u00e3o \u00e9 apenas a confec\u00e7\u00e3o das ordens de pagamento e ela s\u00f3 \u00e9\u00a0poss\u00edvel, obviamente, se os c\u00e1lculos finais tiverem sido feitos, e os valores tenham\u00a0previamente sido comunicados a n\u00f3s, o que n\u00e3o aconteceu at\u00e9 agora.<\/p>\n<p>No momento, portanto, o processo est\u00e1 com a Ju\u00edza para despacho,\u00a0avaliando a peti\u00e7\u00e3o da AGU e nossa manifesta\u00e7\u00e3o. Lembramos ainda que o\u00a0processo ainda tem de voltar para a AGU para o c\u00e1lculo final das indeniza\u00e7\u00f5es.<\/p>\n<p>Atenciosamente,<br \/>\nASPHAN \/ DIRETORIA NACIONAL<\/p>\n","protected":false},"excerpt":{"rendered":"<p>PROCESSO DO DISS\u00cdDIO COLETIVO DE 1989 SITUA\u00c7AO ATUALIZADA Prezados Associados e Colegas. Dando prosseguimento ao que foi divulgado no dia 13\/09\/2013, informamos\u00a0que o processo, no momento, encontra-se na 20a. Vara Federal, aguardando\u00a0despacho da Ju\u00edza. Desde aquele comunicado n\u00e3o hav\u00edamos nos pronunciado\u00a0porque n\u00e3o havia nenhuma informa\u00e7\u00e3o de relevo. Fazendo um resumo dos movimentos anteriores temos: Dia [&hellip;]<\/p>\n","protected":false},"author":1,"featured_media":0,"comment_status":"closed","ping_status":"closed","sticky":false,"template":"","format":"standard","meta":{"_bbp_topic_count":0,"_bbp_reply_count":0,"_bbp_total_topic_count":0,"_bbp_total_reply_count":0,"_bbp_voice_count":0,"_bbp_anonymous_reply_count":0,"_bbp_topic_count_hidden":0,"_bbp_reply_count_hidden":0,"_bbp_forum_subforum_count":0,"ngg_post_thumbnail":0,"_links_to":"","_links_to_target":""},"categories":[21,17],"tags":[],"_links":{"self":[{"href":"http:\/\/www.asphan.org.br\/index.php\/wp-json\/wp\/v2\/posts\/600"}],"collection":[{"href":"http:\/\/www.asphan.org.br\/index.php\/wp-json\/wp\/v2\/posts"}],"about":[{"href":"http:\/\/www.asphan.org.br\/index.php\/wp-json\/wp\/v2\/types\/post"}],"author":[{"embeddable":true,"href":"http:\/\/www.asphan.org.br\/index.php\/wp-json\/wp\/v2\/users\/1"}],"replies":[{"embeddable":true,"href":"http:\/\/www.asphan.org.br\/index.php\/wp-json\/wp\/v2\/comments?post=600"}],"version-history":[{"count":4,"href":"http:\/\/www.asphan.org.br\/index.php\/wp-json\/wp\/v2\/posts\/600\/revisions"}],"predecessor-version":[{"id":605,"href":"http:\/\/www.asphan.org.br\/index.php\/wp-json\/wp\/v2\/posts\/600\/revisions\/605"}],"wp:attachment":[{"href":"http:\/\/www.asphan.org.br\/index.php\/wp-json\/wp\/v2\/media?parent=600"}],"wp:term":[{"taxonomy":"category","embeddable":true,"href":"http:\/\/www.asphan.org.br\/index.php\/wp-json\/wp\/v2\/categories?post=600"},{"taxonomy":"post_tag","embeddable":true,"href":"http:\/\/www.asphan.org.br\/index.php\/wp-json\/wp\/v2\/tags?post=600"}],"curies":[{"name":"wp","href":"https:\/\/api.w.org\/{rel}","templated":true}]}}