{"id":607,"date":"2014-05-08T11:58:57","date_gmt":"2014-05-08T11:58:57","guid":{"rendered":"http:\/\/www.asphan.org.br\/?p=607"},"modified":"2016-03-09T23:59:45","modified_gmt":"2016-03-10T02:59:45","slug":"comunicado-08052014","status":"publish","type":"post","link":"http:\/\/www.asphan.org.br\/index.php\/comunicado-08052014","title":{"rendered":"COMUNICADO 08\/05\/2014\u00a0"},"content":{"rendered":"<p><strong>PROCESSO DO DISS\u00cdDIO COLETIVO DE 1989\u00a0<\/strong><\/p>\n<p>REUNI\u00c3O<\/p>\n<p>Prezados Associados e Colegas.<\/p>\n<p>A Asphan realizar\u00e1 uma reuni\u00e3o sobre o andamento do processo relativo ao diss\u00eddio coletivo de 1989, que tem o n\u02da 0112200-87.1990.5.01.0020, com a presen\u00e7a da Dr\u00aa Cl\u00e1udia Duranti. S\u00e3o as seguintes as informa\u00e7\u00f5es sobre a reuni\u00e3o:<\/p>\n<p><strong>LOCAL:<\/strong> SINDICATO DOS JORNALISTAS DO ESTADO DO RIO DE JANEIRO<br \/>\nRua Evaristo da Veiga n\u02da 16, 17\u02da andar.<br \/>\n<strong>DATA:<\/strong> 15\/05\/2014<br \/>\n<strong>HOR\u00c1RIO:<\/strong> 14h<\/p>\n<p>Solicitamos a presen\u00e7a de todos os interessados e informamos que, assim que poss\u00edvel, ser\u00e1 divulgada ata sobre a reuni\u00e3o para todos os endere\u00e7os eletr\u00f4nicos cadastrados, bem como na p\u00e1gina da Asphan (<a href=\"http:\/\/www.asphan.org.br\" target=\"_blank\">www.asphan.org.br<\/a>).<\/p>\n<p>Atenciosamente,<br \/>\nASPHAN\/DIRETORIA NACIONAL<\/p>\n","protected":false},"excerpt":{"rendered":"<p>PROCESSO DO DISS\u00cdDIO COLETIVO DE 1989\u00a0 REUNI\u00c3O Prezados Associados e Colegas. A Asphan realizar\u00e1 uma reuni\u00e3o sobre o andamento do processo relativo ao diss\u00eddio coletivo de 1989, que tem o n\u02da 0112200-87.1990.5.01.0020, com a presen\u00e7a da Dr\u00aa Cl\u00e1udia Duranti. S\u00e3o as seguintes as informa\u00e7\u00f5es sobre a reuni\u00e3o: LOCAL: SINDICATO DOS JORNALISTAS DO ESTADO DO RIO [&hellip;]<\/p>\n","protected":false},"author":1,"featured_media":0,"comment_status":"closed","ping_status":"closed","sticky":false,"template":"","format":"standard","meta":{"_bbp_topic_count":0,"_bbp_reply_count":0,"_bbp_total_topic_count":0,"_bbp_total_reply_count":0,"_bbp_voice_count":0,"_bbp_anonymous_reply_count":0,"_bbp_topic_count_hidden":0,"_bbp_reply_count_hidden":0,"_bbp_forum_subforum_count":0,"ngg_post_thumbnail":0,"_links_to":"","_links_to_target":""},"categories":[21,17,18],"tags":[],"_links":{"self":[{"href":"http:\/\/www.asphan.org.br\/index.php\/wp-json\/wp\/v2\/posts\/607"}],"collection":[{"href":"http:\/\/www.asphan.org.br\/index.php\/wp-json\/wp\/v2\/posts"}],"about":[{"href":"http:\/\/www.asphan.org.br\/index.php\/wp-json\/wp\/v2\/types\/post"}],"author":[{"embeddable":true,"href":"http:\/\/www.asphan.org.br\/index.php\/wp-json\/wp\/v2\/users\/1"}],"replies":[{"embeddable":true,"href":"http:\/\/www.asphan.org.br\/index.php\/wp-json\/wp\/v2\/comments?post=607"}],"version-history":[{"count":3,"href":"http:\/\/www.asphan.org.br\/index.php\/wp-json\/wp\/v2\/posts\/607\/revisions"}],"predecessor-version":[{"id":610,"href":"http:\/\/www.asphan.org.br\/index.php\/wp-json\/wp\/v2\/posts\/607\/revisions\/610"}],"wp:attachment":[{"href":"http:\/\/www.asphan.org.br\/index.php\/wp-json\/wp\/v2\/media?parent=607"}],"wp:term":[{"taxonomy":"category","embeddable":true,"href":"http:\/\/www.asphan.org.br\/index.php\/wp-json\/wp\/v2\/categories?post=607"},{"taxonomy":"post_tag","embeddable":true,"href":"http:\/\/www.asphan.org.br\/index.php\/wp-json\/wp\/v2\/tags?post=607"}],"curies":[{"name":"wp","href":"https:\/\/api.w.org\/{rel}","templated":true}]}}