{"id":621,"date":"2014-07-09T12:25:34","date_gmt":"2014-07-09T12:25:34","guid":{"rendered":"http:\/\/www.asphan.org.br\/?p=621"},"modified":"2014-07-09T12:26:40","modified_gmt":"2014-07-09T12:26:40","slug":"comunicado-07072014","status":"publish","type":"post","link":"http:\/\/www.asphan.org.br\/index.php\/comunicado-07072014","title":{"rendered":"COMUNICADO 07\/07\/2014"},"content":{"rendered":"<p><b>PROCESSO DO DISS\u00cdDIO COLETIVO DE 1989<br \/>\nSITUA\u00c7AO ATUALIZADA<\/b><\/p>\n<p>Prezados Associados e Colegas.<\/p>\n<p>Dando continuidade \u00e0 divulga\u00e7\u00e3o mais freq\u00fcente de informa\u00e7\u00f5es sobre o tr\u00e2mite do processo acima referido, nossas advogadas, no dia 03\/07\/2014, foram recebidas na Corregedoria pelo juiz auxiliar que informou que tem sido normal a Corregedoria intervir nestes  casos de processos de substitui\u00e7\u00e3o processual com muitos integrantes, auxiliando as Varas na finaliza\u00e7\u00e3o.<\/p>\n<p>Adicionalmente, tomamos conhecimento de que foi aberto prazo para a ju\u00edza da 20a. vara do trabalho se manifestar sobre o pedido de provid\u00eancias apresentado \u00e0 Coordenadoria Regional por nossas advogadas no dia 26\/06\/2014. Devemos aguardar uns 15 dias mais ou menos.  Ap\u00f3s a resposta da ju\u00edza, a corregedoria ir\u00e1 analisar o caso e buscar uma solu\u00e7\u00e3o.<\/p>\n<p>Atenciosamente,<br \/>\nASPHAN \/ DIRETORIA NACIONAL<\/p>\n","protected":false},"excerpt":{"rendered":"<p>PROCESSO DO DISS\u00cdDIO COLETIVO DE 1989 SITUA\u00c7AO ATUALIZADA Prezados Associados e Colegas. Dando continuidade \u00e0 divulga\u00e7\u00e3o mais freq\u00fcente de informa\u00e7\u00f5es sobre o tr\u00e2mite do processo acima referido, nossas advogadas, no dia 03\/07\/2014, foram recebidas na Corregedoria pelo juiz auxiliar que informou que tem sido normal a Corregedoria intervir nestes casos de processos de substitui\u00e7\u00e3o processual [&hellip;]<\/p>\n","protected":false},"author":1,"featured_media":0,"comment_status":"closed","ping_status":"closed","sticky":false,"template":"","format":"standard","meta":{"_bbp_topic_count":0,"_bbp_reply_count":0,"_bbp_total_topic_count":0,"_bbp_total_reply_count":0,"_bbp_voice_count":0,"_bbp_anonymous_reply_count":0,"_bbp_topic_count_hidden":0,"_bbp_reply_count_hidden":0,"_bbp_forum_subforum_count":0,"ngg_post_thumbnail":0,"_links_to":"","_links_to_target":""},"categories":[18],"tags":[],"_links":{"self":[{"href":"http:\/\/www.asphan.org.br\/index.php\/wp-json\/wp\/v2\/posts\/621"}],"collection":[{"href":"http:\/\/www.asphan.org.br\/index.php\/wp-json\/wp\/v2\/posts"}],"about":[{"href":"http:\/\/www.asphan.org.br\/index.php\/wp-json\/wp\/v2\/types\/post"}],"author":[{"embeddable":true,"href":"http:\/\/www.asphan.org.br\/index.php\/wp-json\/wp\/v2\/users\/1"}],"replies":[{"embeddable":true,"href":"http:\/\/www.asphan.org.br\/index.php\/wp-json\/wp\/v2\/comments?post=621"}],"version-history":[{"count":2,"href":"http:\/\/www.asphan.org.br\/index.php\/wp-json\/wp\/v2\/posts\/621\/revisions"}],"predecessor-version":[{"id":623,"href":"http:\/\/www.asphan.org.br\/index.php\/wp-json\/wp\/v2\/posts\/621\/revisions\/623"}],"wp:attachment":[{"href":"http:\/\/www.asphan.org.br\/index.php\/wp-json\/wp\/v2\/media?parent=621"}],"wp:term":[{"taxonomy":"category","embeddable":true,"href":"http:\/\/www.asphan.org.br\/index.php\/wp-json\/wp\/v2\/categories?post=621"},{"taxonomy":"post_tag","embeddable":true,"href":"http:\/\/www.asphan.org.br\/index.php\/wp-json\/wp\/v2\/tags?post=621"}],"curies":[{"name":"wp","href":"https:\/\/api.w.org\/{rel}","templated":true}]}}