{"id":820,"date":"2015-07-01T14:52:57","date_gmt":"2015-07-01T14:52:57","guid":{"rendered":"http:\/\/www.asphan.org.br\/?p=820"},"modified":"2015-07-01T14:58:22","modified_gmt":"2015-07-01T14:58:22","slug":"nota-aos-arquitetos-e-engenheiros-do-iphan","status":"publish","type":"post","link":"http:\/\/www.asphan.org.br\/index.php\/nota-aos-arquitetos-e-engenheiros-do-iphan","title":{"rendered":"Nota aos arquitetos e engenheiros do Iphan sobre extens\u00e3o da Lei 12.277\/2010"},"content":{"rendered":"<p style=\"text-align: justify;\">Foi protocolada pela Asphan na presid\u00eancia do Iphan ontem, dia 30 de junho, uma carta de rep\u00fadio ao parecer da Procuradoria-Geral Federal contr\u00e1rio \u00e0 extens\u00e3o da Estrutura Remunerat\u00f3ria Especial para arquitetos e engenheiros do Iphan. O benef\u00edcio foi criado pela Lei 12.277\/2010 para algumas categorias do servi\u00e7o p\u00fablico federal, inlcuindo arquitetos e engenheiros.<\/p>\n<p style=\"text-align: justify;\">A Asphan lamenta que a administra\u00e7\u00e3o p\u00fablica tenha se mostrado t\u00e3o insens\u00edvel e injusta. Sabemos que esta decis\u00e3o em nada contribuir\u00e1 para melhorar a efic\u00e1cia das pol\u00edticas p\u00fablicas a serem implementadas em nosso setor, uma vez que o sentimento de revolta com rela\u00e7\u00e3o a este tema \u00e9 latente em todo o Iphan.<\/p>\n<p style=\"text-align: justify;\">Leia a carta do presidente da Asphan Leonardo Barreto na \u00edntegra:\u00a0<a href=\"http:\/\/migre.me\/qzA3m\" target=\"_blank\">http:\/\/migre.me\/qzA3m<\/a><\/p>\n","protected":false},"excerpt":{"rendered":"<p>Foi protocolada pela Asphan na presid\u00eancia do Iphan ontem, dia 30 de junho, uma carta de rep\u00fadio ao parecer da Procuradoria-Geral Federal contr\u00e1rio \u00e0 extens\u00e3o da Estrutura Remunerat\u00f3ria Especial para arquitetos e engenheiros do Iphan. O benef\u00edcio foi criado pela Lei 12.277\/2010 para algumas categorias do servi\u00e7o p\u00fablico federal, inlcuindo arquitetos e engenheiros. A Asphan [&hellip;]<\/p>\n","protected":false},"author":3,"featured_media":0,"comment_status":"closed","ping_status":"closed","sticky":false,"template":"","format":"standard","meta":{"_bbp_topic_count":0,"_bbp_reply_count":0,"_bbp_total_topic_count":0,"_bbp_total_reply_count":0,"_bbp_voice_count":0,"_bbp_anonymous_reply_count":0,"_bbp_topic_count_hidden":0,"_bbp_reply_count_hidden":0,"_bbp_forum_subforum_count":0,"ngg_post_thumbnail":0,"_links_to":"","_links_to_target":""},"categories":[18],"tags":[],"_links":{"self":[{"href":"http:\/\/www.asphan.org.br\/index.php\/wp-json\/wp\/v2\/posts\/820"}],"collection":[{"href":"http:\/\/www.asphan.org.br\/index.php\/wp-json\/wp\/v2\/posts"}],"about":[{"href":"http:\/\/www.asphan.org.br\/index.php\/wp-json\/wp\/v2\/types\/post"}],"author":[{"embeddable":true,"href":"http:\/\/www.asphan.org.br\/index.php\/wp-json\/wp\/v2\/users\/3"}],"replies":[{"embeddable":true,"href":"http:\/\/www.asphan.org.br\/index.php\/wp-json\/wp\/v2\/comments?post=820"}],"version-history":[{"count":4,"href":"http:\/\/www.asphan.org.br\/index.php\/wp-json\/wp\/v2\/posts\/820\/revisions"}],"predecessor-version":[{"id":825,"href":"http:\/\/www.asphan.org.br\/index.php\/wp-json\/wp\/v2\/posts\/820\/revisions\/825"}],"wp:attachment":[{"href":"http:\/\/www.asphan.org.br\/index.php\/wp-json\/wp\/v2\/media?parent=820"}],"wp:term":[{"taxonomy":"category","embeddable":true,"href":"http:\/\/www.asphan.org.br\/index.php\/wp-json\/wp\/v2\/categories?post=820"},{"taxonomy":"post_tag","embeddable":true,"href":"http:\/\/www.asphan.org.br\/index.php\/wp-json\/wp\/v2\/tags?post=820"}],"curies":[{"name":"wp","href":"https:\/\/api.w.org\/{rel}","templated":true}]}}