{"id":828,"date":"2015-07-10T18:04:43","date_gmt":"2015-07-10T18:04:43","guid":{"rendered":"http:\/\/www.asphan.org.br\/?p=828"},"modified":"2015-07-10T18:09:06","modified_gmt":"2015-07-10T18:09:06","slug":"forum-da-cultura-se-reune-com-ministro-juca-ferreira","status":"publish","type":"post","link":"http:\/\/www.asphan.org.br\/index.php\/forum-da-cultura-se-reune-com-ministro-juca-ferreira","title":{"rendered":"F\u00f3rum da Cultura se re\u00fane com ministro Juca Ferreira"},"content":{"rendered":"<p>No dia 3 de julho de 2015, entidades representativas do F\u00f3rum da Cultura se reuniram com o ministro Juca Ferreira para discutir o cumprimento dos acordos firmados pelo Governo Federal com os servidores da Cultura, al\u00e9m da precariza\u00e7\u00e3o do trabalho e dos servi\u00e7os prestados \u00e0 popula\u00e7\u00e3o.<\/p>\n<p>Em pauta, assuntos como as negocia\u00e7\u00f5es de reajuste salarial junto ao MPOG, a expans\u00e3o da Lei 12.277 para arquitetos e engenheiros do Iphan, a urg\u00eancia da formaliza\u00e7\u00e3o de um plano de carreira para os servidores da Cultura, a democratiza\u00e7\u00e3o da escolha de cargos dirigentes nas institui\u00e7\u00f5es da Cultura, a contrata\u00e7\u00e3o de servidores tempor\u00e1rios com o dobro do sal\u00e1rio dos servidores de carreira no Iphan e ainda mais.<\/p>\n<p>Confira <a href=\"http:\/\/www.asphan.org.br\/wp-content\/uploads\/2015\/07\/20150307-Relat%C3%B3rio-F%C3%B3rum-Reuni%C3%A3o-Ministro.pdf\">aqui<\/a> o relat\u00f3rio\u00a0produzido coletivamente pelos representantes dos servidores presentes na reuni\u00e3o.<\/p>\n","protected":false},"excerpt":{"rendered":"<p>No dia 3 de julho de 2015, entidades representativas do F\u00f3rum da Cultura se reuniram com o ministro Juca Ferreira para discutir o cumprimento dos acordos firmados pelo Governo Federal com os servidores da Cultura, al\u00e9m da precariza\u00e7\u00e3o do trabalho e dos servi\u00e7os prestados \u00e0 popula\u00e7\u00e3o. Em pauta, assuntos como as negocia\u00e7\u00f5es de reajuste salarial [&hellip;]<\/p>\n","protected":false},"author":3,"featured_media":0,"comment_status":"closed","ping_status":"closed","sticky":false,"template":"","format":"standard","meta":{"_bbp_topic_count":0,"_bbp_reply_count":0,"_bbp_total_topic_count":0,"_bbp_total_reply_count":0,"_bbp_voice_count":0,"_bbp_anonymous_reply_count":0,"_bbp_topic_count_hidden":0,"_bbp_reply_count_hidden":0,"_bbp_forum_subforum_count":0,"ngg_post_thumbnail":0,"_links_to":"","_links_to_target":""},"categories":[18],"tags":[],"_links":{"self":[{"href":"http:\/\/www.asphan.org.br\/index.php\/wp-json\/wp\/v2\/posts\/828"}],"collection":[{"href":"http:\/\/www.asphan.org.br\/index.php\/wp-json\/wp\/v2\/posts"}],"about":[{"href":"http:\/\/www.asphan.org.br\/index.php\/wp-json\/wp\/v2\/types\/post"}],"author":[{"embeddable":true,"href":"http:\/\/www.asphan.org.br\/index.php\/wp-json\/wp\/v2\/users\/3"}],"replies":[{"embeddable":true,"href":"http:\/\/www.asphan.org.br\/index.php\/wp-json\/wp\/v2\/comments?post=828"}],"version-history":[{"count":1,"href":"http:\/\/www.asphan.org.br\/index.php\/wp-json\/wp\/v2\/posts\/828\/revisions"}],"predecessor-version":[{"id":829,"href":"http:\/\/www.asphan.org.br\/index.php\/wp-json\/wp\/v2\/posts\/828\/revisions\/829"}],"wp:attachment":[{"href":"http:\/\/www.asphan.org.br\/index.php\/wp-json\/wp\/v2\/media?parent=828"}],"wp:term":[{"taxonomy":"category","embeddable":true,"href":"http:\/\/www.asphan.org.br\/index.php\/wp-json\/wp\/v2\/categories?post=828"},{"taxonomy":"post_tag","embeddable":true,"href":"http:\/\/www.asphan.org.br\/index.php\/wp-json\/wp\/v2\/tags?post=828"}],"curies":[{"name":"wp","href":"https:\/\/api.w.org\/{rel}","templated":true}]}}