{"id":836,"date":"2015-07-13T20:13:52","date_gmt":"2015-07-13T20:13:52","guid":{"rendered":"http:\/\/www.asphan.org.br\/?p=836"},"modified":"2015-07-13T20:13:52","modified_gmt":"2015-07-13T20:13:52","slug":"reuniao-entre-diretoria-da-asphan-e-associados-do-ibram","status":"publish","type":"post","link":"http:\/\/www.asphan.org.br\/index.php\/reuniao-entre-diretoria-da-asphan-e-associados-do-ibram","title":{"rendered":"Reuni\u00e3o entre diretoria da Asphan e associados do Ibram"},"content":{"rendered":"<p>Em reuni\u00e3o, no dia 8 de julho de 2015, a diretoria da Asphan e associados do Ibram discutiram quest\u00f5es como o F\u00f3rum da Cultura, as negocia\u00e7\u00f5es com o MPOG, as reuni\u00f5es com o Ministro Juca Ferreira (MinC), a democratiza\u00e7\u00e3o da gest\u00e3o nas institui\u00e7\u00f5es da Cultura, o ponto eletr\u00f4nico no Ibram e a contrata\u00e7\u00e3o de um profissional de comunica\u00e7\u00e3o e de um escrit\u00f3rio para assessoria jur\u00eddica, em Bras\u00edlia.<\/p>\n<p>Um dos pontos-chave em pauta \u00e9 a urg\u00eancia da mobiliza\u00e7\u00e3o dos servidores da Cultura, visto, por exemplo, que o prazo final para vota\u00e7\u00e3o do or\u00e7amento da Uni\u00e3o \u00e9 em agosto. Desse modo, as demandas de reajuste salarial precisam ser atendidas antes da data limite.<\/p>\n<p>Leia o relat\u00f3rio na \u00edntegra <a href=\"http:\/\/www.asphan.org.br\/wp-content\/uploads\/2015\/07\/REUNIAO-MUSEU-DA-REPUBLICA-08-jul-2015.pdf\">aqui<\/a>.<\/p>\n","protected":false},"excerpt":{"rendered":"<p>Em reuni\u00e3o, no dia 8 de julho de 2015, a diretoria da Asphan e associados do Ibram discutiram quest\u00f5es como o F\u00f3rum da Cultura, as negocia\u00e7\u00f5es com o MPOG, as reuni\u00f5es com o Ministro Juca Ferreira (MinC), a democratiza\u00e7\u00e3o da gest\u00e3o nas institui\u00e7\u00f5es da Cultura, o ponto eletr\u00f4nico no Ibram e a contrata\u00e7\u00e3o de um [&hellip;]<\/p>\n","protected":false},"author":3,"featured_media":0,"comment_status":"closed","ping_status":"closed","sticky":false,"template":"","format":"standard","meta":{"_bbp_topic_count":0,"_bbp_reply_count":0,"_bbp_total_topic_count":0,"_bbp_total_reply_count":0,"_bbp_voice_count":0,"_bbp_anonymous_reply_count":0,"_bbp_topic_count_hidden":0,"_bbp_reply_count_hidden":0,"_bbp_forum_subforum_count":0,"ngg_post_thumbnail":0,"_links_to":"","_links_to_target":""},"categories":[18],"tags":[],"_links":{"self":[{"href":"http:\/\/www.asphan.org.br\/index.php\/wp-json\/wp\/v2\/posts\/836"}],"collection":[{"href":"http:\/\/www.asphan.org.br\/index.php\/wp-json\/wp\/v2\/posts"}],"about":[{"href":"http:\/\/www.asphan.org.br\/index.php\/wp-json\/wp\/v2\/types\/post"}],"author":[{"embeddable":true,"href":"http:\/\/www.asphan.org.br\/index.php\/wp-json\/wp\/v2\/users\/3"}],"replies":[{"embeddable":true,"href":"http:\/\/www.asphan.org.br\/index.php\/wp-json\/wp\/v2\/comments?post=836"}],"version-history":[{"count":1,"href":"http:\/\/www.asphan.org.br\/index.php\/wp-json\/wp\/v2\/posts\/836\/revisions"}],"predecessor-version":[{"id":838,"href":"http:\/\/www.asphan.org.br\/index.php\/wp-json\/wp\/v2\/posts\/836\/revisions\/838"}],"wp:attachment":[{"href":"http:\/\/www.asphan.org.br\/index.php\/wp-json\/wp\/v2\/media?parent=836"}],"wp:term":[{"taxonomy":"category","embeddable":true,"href":"http:\/\/www.asphan.org.br\/index.php\/wp-json\/wp\/v2\/categories?post=836"},{"taxonomy":"post_tag","embeddable":true,"href":"http:\/\/www.asphan.org.br\/index.php\/wp-json\/wp\/v2\/tags?post=836"}],"curies":[{"name":"wp","href":"https:\/\/api.w.org\/{rel}","templated":true}]}}